{"id":96269,"date":"2023-05-17T12:40:01","date_gmt":"2023-05-17T15:40:01","guid":{"rendered":"https:\/\/blogdoedvaldomagalhaes.com.br\/?p=96269"},"modified":"2023-05-17T15:04:18","modified_gmt":"2023-05-17T18:04:18","slug":"confira-a-programacao-do-aniversario-de-caruaru-nesta-quinta-feira-18","status":"publish","type":"post","link":"https:\/\/blogdoedvaldomagalhaes.com.br\/index.php\/2023\/05\/17\/confira-a-programacao-do-aniversario-de-caruaru-nesta-quinta-feira-18\/","title":{"rendered":"Confira a programa\u00e7\u00e3o do anivers\u00e1rio de Caruaru, nesta quinta-feira (18)"},"content":{"rendered":"<p style=\"text-align: justify;\">A Funda\u00e7\u00e3o de Cultura, convida a todos para a celebra\u00e7\u00e3o dos 166 anos de Caruaru, nesta quinta-feira (18), a partir das 8h.<\/p>\n<p style=\"text-align: justify;\">Al\u00e9m da programa\u00e7\u00e3o montada para esta data, durante toda a semana, a popula\u00e7\u00e3o vem sendo contemplada com diversas entregas por parte da gest\u00e3o municipal, nas \u00e1reas da sa\u00fade, educa\u00e7\u00e3o, infraestrutura e tantas outras.<\/p>\n<p style=\"text-align: justify;\">Na programa\u00e7\u00e3o, hasteamento das bandeiras, missa e o tradicional corte do bolo.<\/p>\n<p style=\"text-align: justify;\"><strong>Confira a programa\u00e7\u00e3o<\/strong><\/p>\n<p style=\"text-align: justify;\">8h \u2013 Hasteamento da Bandeira no P\u00e1tio da Prefeitura;<br>\n8h30- Missa na Igreja da Catedral de Nossa Senhora das Dores;<br>\n9h30- Corte do bolo no Hall da Prefeitura.<\/p>\n<p style=\"text-align: justify;\">Foto: &nbsp;Izaias Rodrigues\/Arquivo.<\/p>\n<p style=\"text-align: justify;\">Siga o Instagram do Blog &nbsp;@blogdoedvaldomagalhaes<\/p>\n\n\n<figure class=\"wp-block-image size-large\"><img loading=\"lazy\" decoding=\"async\" width=\"1024\" height=\"724\" src=\"https:\/\/blogdoedvaldomagalhaes.com.br\/wp-content\/uploads\/2023\/05\/IMG-20230517-WA0120-1024x724.jpg\" alt=\"\" class=\"wp-image-96280\" srcset=\"https:\/\/blogdoedvaldomagalhaes.com.br\/wp-content\/uploads\/2023\/05\/IMG-20230517-WA0120-1024x724.jpg 1024w, https:\/\/blogdoedvaldomagalhaes.com.br\/wp-content\/uploads\/2023\/05\/IMG-20230517-WA0120-300x212.jpg 300w, https:\/\/blogdoedvaldomagalhaes.com.br\/wp-content\/uploads\/2023\/05\/IMG-20230517-WA0120-768x543.jpg 768w, https:\/\/blogdoedvaldomagalhaes.com.br\/wp-content\/uploads\/2023\/05\/IMG-20230517-WA0120.jpg 1188w\" sizes=\"auto, (max-width: 1024px) 100vw, 1024px\" \/><\/figure>\n\n\n<p style=\"text-align: justify;\"><span style=\"color: initial; font-size: revert;\">A Autarquia de Mobilidade, Tr\u00e2nsito e Transporte de Caruaru (AMTTC) informa que, nesta quinta-feira (18), dia do anivers\u00e1rio da cidade, algumas ruas do centro estar\u00e3o fechadas.<\/span><\/p>\n<p style=\"text-align: justify;\">De acordo com o mapa, as ruas D\u00e1cio Esp\u00f3sito de Lima (at\u00e9 o cruzamento com a Porto Alegre), Jo\u00e3o Tupinamb\u00e1, Floriano Peixoto (acesso \u00e0 avenida Rio Branco) e Pra\u00e7a Teot\u00f4nio Vilela n\u00e3o ter\u00e3o fluxo de ve\u00edculos para realiza\u00e7\u00e3o da solenidade em comemora\u00e7\u00e3o aos 166 anos de Caruaru.<\/p>","protected":false},"excerpt":{"rendered":"<p>A Funda\u00e7\u00e3o de Cultura, convida a todos para a celebra\u00e7\u00e3o dos 166 anos de Caruaru, nesta quinta-feira (18), a partir&hellip;<\/p>\n","protected":false},"author":1,"featured_media":96267,"comment_status":"closed","ping_status":"open","sticky":false,"template":"","format":"standard","meta":{"footnotes":""},"categories":[14120],"tags":[2,19532,3406,27565],"class_list":["post-96269","post","type-post","status-publish","format-standard","has-post-thumbnail","hentry","category-noticias","tag-blog-do-edvaldo-magalhaes","tag-blog-mais-acessado-e-visualizado-de-caruaru-e-regiao","tag-caruaru","tag-confira-a-programacao-do-aniversario-de-caruaru-nesta-quinta-feira-18"],"_links":{"self":[{"href":"https:\/\/blogdoedvaldomagalhaes.com.br\/index.php\/wp-json\/wp\/v2\/posts\/96269","targetHints":{"allow":["GET"]}}],"collection":[{"href":"https:\/\/blogdoedvaldomagalhaes.com.br\/index.php\/wp-json\/wp\/v2\/posts"}],"about":[{"href":"https:\/\/blogdoedvaldomagalhaes.com.br\/index.php\/wp-json\/wp\/v2\/types\/post"}],"author":[{"embeddable":true,"href":"https:\/\/blogdoedvaldomagalhaes.com.br\/index.php\/wp-json\/wp\/v2\/users\/1"}],"replies":[{"embeddable":true,"href":"https:\/\/blogdoedvaldomagalhaes.com.br\/index.php\/wp-json\/wp\/v2\/comments?post=96269"}],"version-history":[{"count":4,"href":"https:\/\/blogdoedvaldomagalhaes.com.br\/index.php\/wp-json\/wp\/v2\/posts\/96269\/revisions"}],"predecessor-version":[{"id":96282,"href":"https:\/\/blogdoedvaldomagalhaes.com.br\/index.php\/wp-json\/wp\/v2\/posts\/96269\/revisions\/96282"}],"wp:featuredmedia":[{"embeddable":true,"href":"https:\/\/blogdoedvaldomagalhaes.com.br\/index.php\/wp-json\/wp\/v2\/media\/96267"}],"wp:attachment":[{"href":"https:\/\/blogdoedvaldomagalhaes.com.br\/index.php\/wp-json\/wp\/v2\/media?parent=96269"}],"wp:term":[{"taxonomy":"category","embeddable":true,"href":"https:\/\/blogdoedvaldomagalhaes.com.br\/index.php\/wp-json\/wp\/v2\/categories?post=96269"},{"taxonomy":"post_tag","embeddable":true,"href":"https:\/\/blogdoedvaldomagalhaes.com.br\/index.php\/wp-json\/wp\/v2\/tags?post=96269"}],"curies":[{"name":"wp","href":"https:\/\/api.w.org\/{rel}","templated":true}]}}