{"id":96263,"date":"2023-05-17T11:50:31","date_gmt":"2023-05-17T14:50:31","guid":{"rendered":"https:\/\/blogdoedvaldomagalhaes.com.br\/?p=96263"},"modified":"2023-05-17T14:58:58","modified_gmt":"2023-05-17T17:58:58","slug":"caravana-do-sao-joao-na-roca-chega-a-vila-itauna-nesta-quarta-feira-17","status":"publish","type":"post","link":"https:\/\/blogdoedvaldomagalhaes.com.br\/index.php\/2023\/05\/17\/caravana-do-sao-joao-na-roca-chega-a-vila-itauna-nesta-quarta-feira-17\/","title":{"rendered":"Caravana do S\u00e3o Jo\u00e3o na Ro\u00e7a chega a Vila Ita\u00fana nesta quarta-feira (17)"},"content":{"rendered":"<p style=\"text-align: justify;\"><span style=\"color: initial; font-size: revert;\">Pelo quarto final de semana consecutivo, o S\u00e3o Jo\u00e3o na Ro\u00e7a e sua caravana chegam nas localidades da zona rural de Caruaru. Em especial, nesta quarta-feira, v\u00e9spera de feriado do anivers\u00e1rio da cidade, que este ano completa 166 anos, o S\u00e3o Jo\u00e3o na Ro\u00e7a chega a comunidade de Ita\u00fana.<\/span><\/p>\n<p style=\"text-align: justify;\">Montado em um caminh\u00e3o-palco, com estrutura de led e todo um aparato t\u00e9cnico, o S\u00e3o Jo\u00e3o na Ro\u00e7a ainda passar\u00e1 por Terra Vermelha na sexta-feira (19) e, finalizando o fim de semana, em Peladas, no s\u00e1bado 20.<\/p>\n<p style=\"text-align: justify;\">Confira a programa\u00e7\u00e3o:<\/p>\n<p style=\"text-align: justify;\"><strong>Vila Ita\u00fana &#8211; Quarta-feira (17)<\/strong><\/p>\n<p style=\"text-align: justify;\">Batalh\u00e3o de Bacamarteiros 139<br \/>\nBanda de P\u00edfanos Caruaru Camale\u00e3o<br \/>\n18h30- Cheiro de Sanfona<br \/>\n20h30 &#8211; As Severinas<br \/>\n22h30 &#8211; Targino Gondim<\/p>\n<p style=\"text-align: justify;\"><strong>Vila Terra Vermelha &#8211; Sexta-feira (19)<\/strong><\/p>\n<p style=\"text-align: justify;\">Banda de P\u00edfanos Nossa Senhora das Dores<br \/>\nQuadrilha Flor de Caru\u00e1<br \/>\n18h30 &#8211; Cheiro da Terra<br \/>\n20h30 &#8211; Pecinho Amorim<br \/>\n22h30 &#8211; Maciel Melo<\/p>\n<p style=\"text-align: justify;\"><strong>Vila Peladas &#8211; S\u00e1bado (20)<\/strong><\/p>\n<p style=\"text-align: justify;\">Batalh\u00e3o de Bacamarteiros 95<br \/>\nGrupo de Dan\u00e7a CIA Olhares<br \/>\n18h30 &#8211; Banda Fole de Ouro<br \/>\n20h30 &#8211; Silvinho Cavalcanti<br \/>\n22h30 &#8211; Petr\u00facio Amorim.<\/p>\n<p style=\"text-align: justify;\">Foto: Divulga\u00e7\u00e3o.<\/p>\n<p style=\"text-align: justify;\">Siga o Instagram do Blog @blogdoedvaldomagalhaes<\/p>\n","protected":false},"excerpt":{"rendered":"<p>Pelo quarto final de semana consecutivo, o S\u00e3o Jo\u00e3o na Ro\u00e7a e sua caravana chegam nas localidades da zona rural&hellip;<\/p>\n","protected":false},"author":1,"featured_media":96265,"comment_status":"closed","ping_status":"open","sticky":false,"template":"","format":"standard","meta":{"footnotes":""},"categories":[14120],"tags":[2,19532,27563,3406,6758],"class_list":["post-96263","post","type-post","status-publish","format-standard","has-post-thumbnail","hentry","category-noticias","tag-blog-do-edvaldo-magalhaes","tag-blog-mais-acessado-e-visualizado-de-caruaru-e-regiao","tag-caravana-do-sao-joao-na-roca-chega-a-vila-itauna-nesta-quarta-feira-17","tag-caruaru","tag-sao-joao"],"_links":{"self":[{"href":"https:\/\/blogdoedvaldomagalhaes.com.br\/index.php\/wp-json\/wp\/v2\/posts\/96263","targetHints":{"allow":["GET"]}}],"collection":[{"href":"https:\/\/blogdoedvaldomagalhaes.com.br\/index.php\/wp-json\/wp\/v2\/posts"}],"about":[{"href":"https:\/\/blogdoedvaldomagalhaes.com.br\/index.php\/wp-json\/wp\/v2\/types\/post"}],"author":[{"embeddable":true,"href":"https:\/\/blogdoedvaldomagalhaes.com.br\/index.php\/wp-json\/wp\/v2\/users\/1"}],"replies":[{"embeddable":true,"href":"https:\/\/blogdoedvaldomagalhaes.com.br\/index.php\/wp-json\/wp\/v2\/comments?post=96263"}],"version-history":[{"count":2,"href":"https:\/\/blogdoedvaldomagalhaes.com.br\/index.php\/wp-json\/wp\/v2\/posts\/96263\/revisions"}],"predecessor-version":[{"id":96279,"href":"https:\/\/blogdoedvaldomagalhaes.com.br\/index.php\/wp-json\/wp\/v2\/posts\/96263\/revisions\/96279"}],"wp:featuredmedia":[{"embeddable":true,"href":"https:\/\/blogdoedvaldomagalhaes.com.br\/index.php\/wp-json\/wp\/v2\/media\/96265"}],"wp:attachment":[{"href":"https:\/\/blogdoedvaldomagalhaes.com.br\/index.php\/wp-json\/wp\/v2\/media?parent=96263"}],"wp:term":[{"taxonomy":"category","embeddable":true,"href":"https:\/\/blogdoedvaldomagalhaes.com.br\/index.php\/wp-json\/wp\/v2\/categories?post=96263"},{"taxonomy":"post_tag","embeddable":true,"href":"https:\/\/blogdoedvaldomagalhaes.com.br\/index.php\/wp-json\/wp\/v2\/tags?post=96263"}],"curies":[{"name":"wp","href":"https:\/\/api.w.org\/{rel}","templated":true}]}}