{"id":96260,"date":"2023-05-17T11:42:04","date_gmt":"2023-05-17T14:42:04","guid":{"rendered":"https:\/\/blogdoedvaldomagalhaes.com.br\/?p=96260"},"modified":"2023-05-17T11:42:04","modified_gmt":"2023-05-17T14:42:04","slug":"uniao-beneficente-de-caruaru-comemora-100-anos-confira","status":"publish","type":"post","link":"https:\/\/blogdoedvaldomagalhaes.com.br\/index.php\/2023\/05\/17\/uniao-beneficente-de-caruaru-comemora-100-anos-confira\/","title":{"rendered":"Uni\u00e3o Beneficente de Caruaru comemora 100 anos; Confira"},"content":{"rendered":"<p style=\"text-align: justify;\"><span style=\"font-size: revert; color: initial;\">A Uni\u00e3o Beneficente dos Artistas e Profissionais de Caruaru (UBAPC) comemora o seu centen\u00e1rio de funda\u00e7\u00e3o \u2013 no pr\u00f3ximo s\u00e1bado (20) -, com extensa programa\u00e7\u00e3o gratuita. A entidade, que tem como diretor-presidente Jos\u00e9 Marcolino, tem relevantes servi\u00e7os prestados \u00e0 popula\u00e7\u00e3o caruaruense com o desencadear de a\u00e7\u00f5es filantr\u00f3picas voltadas para as pessoas em situa\u00e7\u00e3o de vulnerabilidade social.<\/span><\/p>\n<p style=\"text-align: justify;\">Confira a programa\u00e7\u00e3o:<\/p>\n<p style=\"text-align: justify;\">Dia 19<\/p>\n<p style=\"text-align: justify;\">Cerim\u00f4nia religiosa<\/p>\n<p style=\"text-align: justify;\">19h30<\/p>\n<p style=\"text-align: justify;\">Sede da UBAPC<\/p>\n<p style=\"text-align: justify;\">Dia: 20<\/p>\n<p style=\"text-align: justify;\">Sess\u00e3o solene comemorativa ao Centen\u00e1rio da Uni\u00e3o<\/p>\n<p style=\"text-align: justify;\">Sede da UBAPC<\/p>\n<p style=\"text-align: justify;\">Dia 26<\/p>\n<p style=\"text-align: justify;\">Lan\u00e7amento do Livro de Poesias do professor Manoel Vitor<\/p>\n<p style=\"text-align: justify;\">Exposi\u00e7\u00e3o do Curso de Artes Pl\u00e1sticas = Pintura em tela + Objetos que marcaram a hist\u00f3ria da UBAPC<\/p>\n<p style=\"text-align: justify;\">19h30h<\/p>\n<p style=\"text-align: justify;\">Sede da UBAPC<\/p>\n<p style=\"text-align: justify;\">Dia 29<\/p>\n<p style=\"text-align: justify;\">Homenagem \u00e0 Uni\u00e3o na C\u00e2mara de Vereadores de Caruaru<\/p>\n<p style=\"text-align: justify;\">19h30h<\/p>\n<p style=\"text-align: justify;\">C\u00e2mara de Vereadores<\/p>\n<p style=\"text-align: justify;\">Contato para entrevista: 99313-2412.(Jos\u00e9 Marcolino)<\/p>\n","protected":false},"excerpt":{"rendered":"<p>A Uni\u00e3o Beneficente dos Artistas e Profissionais de Caruaru (UBAPC) comemora o seu centen\u00e1rio de funda\u00e7\u00e3o \u2013 no pr\u00f3ximo s\u00e1bado&hellip;<\/p>\n","protected":false},"author":1,"featured_media":96261,"comment_status":"closed","ping_status":"open","sticky":false,"template":"","format":"standard","meta":{"footnotes":""},"categories":[14120],"tags":[2,19532,3406,27562],"class_list":["post-96260","post","type-post","status-publish","format-standard","has-post-thumbnail","hentry","category-noticias","tag-blog-do-edvaldo-magalhaes","tag-blog-mais-acessado-e-visualizado-de-caruaru-e-regiao","tag-caruaru","tag-uniao-beneficente-de-caruaru-comemora-100-anos-confira"],"_links":{"self":[{"href":"https:\/\/blogdoedvaldomagalhaes.com.br\/index.php\/wp-json\/wp\/v2\/posts\/96260","targetHints":{"allow":["GET"]}}],"collection":[{"href":"https:\/\/blogdoedvaldomagalhaes.com.br\/index.php\/wp-json\/wp\/v2\/posts"}],"about":[{"href":"https:\/\/blogdoedvaldomagalhaes.com.br\/index.php\/wp-json\/wp\/v2\/types\/post"}],"author":[{"embeddable":true,"href":"https:\/\/blogdoedvaldomagalhaes.com.br\/index.php\/wp-json\/wp\/v2\/users\/1"}],"replies":[{"embeddable":true,"href":"https:\/\/blogdoedvaldomagalhaes.com.br\/index.php\/wp-json\/wp\/v2\/comments?post=96260"}],"version-history":[{"count":1,"href":"https:\/\/blogdoedvaldomagalhaes.com.br\/index.php\/wp-json\/wp\/v2\/posts\/96260\/revisions"}],"predecessor-version":[{"id":96262,"href":"https:\/\/blogdoedvaldomagalhaes.com.br\/index.php\/wp-json\/wp\/v2\/posts\/96260\/revisions\/96262"}],"wp:featuredmedia":[{"embeddable":true,"href":"https:\/\/blogdoedvaldomagalhaes.com.br\/index.php\/wp-json\/wp\/v2\/media\/96261"}],"wp:attachment":[{"href":"https:\/\/blogdoedvaldomagalhaes.com.br\/index.php\/wp-json\/wp\/v2\/media?parent=96260"}],"wp:term":[{"taxonomy":"category","embeddable":true,"href":"https:\/\/blogdoedvaldomagalhaes.com.br\/index.php\/wp-json\/wp\/v2\/categories?post=96260"},{"taxonomy":"post_tag","embeddable":true,"href":"https:\/\/blogdoedvaldomagalhaes.com.br\/index.php\/wp-json\/wp\/v2\/tags?post=96260"}],"curies":[{"name":"wp","href":"https:\/\/api.w.org\/{rel}","templated":true}]}}