{"id":96246,"date":"2023-05-16T20:31:48","date_gmt":"2023-05-16T23:31:48","guid":{"rendered":"https:\/\/blogdoedvaldomagalhaes.com.br\/?p=96246"},"modified":"2023-05-16T22:32:11","modified_gmt":"2023-05-17T01:32:11","slug":"subtenente-reformado-do-corpo-de-bombeiros-e-agredido-e-baleado-em-caruaru","status":"publish","type":"post","link":"https:\/\/blogdoedvaldomagalhaes.com.br\/index.php\/2023\/05\/16\/subtenente-reformado-do-corpo-de-bombeiros-e-agredido-e-baleado-em-caruaru\/","title":{"rendered":"Subtenente reformado do Corpo de Bombeiros \u00e9 agredido e baleado, em Caruaru"},"content":{"rendered":"<p style=\"text-align: justify;\">No in\u00edcio da noite desta ter\u00e7a-feira (16), o subtenente reformado do Corpo de Bombeiros de Caruaru, Joseilson Sud\u00e1rio Flor\u00eancio, conhecido como \u201cIta\u201d, 52 anos de idade, foi \u00a0abordado por criminosos e reagiu a um assalto, entrando em luta corporal na rua Nilo Pe\u00e7anha, no bairro S\u00e3o Francisco. C\u00e2mera de monitoramento registrou a tentativa de latroc\u00ednio. A v\u00edtima <span style=\"font-size: revert;\">foi socorrido em uma viatura da Pol\u00edcia Militar para o Hospital Regional do Agreste (HRA).<br \/>\n<\/span><\/p>\n<p style=\"text-align: justify;\"><span style=\"font-size: revert; color: initial;\">O subtenente foi atingido v\u00e1rias vezes com coronhadas e depois levou um tiro de rasp\u00e3o. Os assaltantes queriam levar a carreta da v\u00edtima, mas n\u00e3o conseguiram e fugiram em um carro. Foto: Reprodu\u00e7\u00e3o\/WhatsApp.<\/span><\/p>\n<p style=\"text-align: justify;\">Siga o Instagram do Blog @blogdoedvaldomagalhaes<\/p>\n","protected":false},"excerpt":{"rendered":"<p>No in\u00edcio da noite desta ter\u00e7a-feira (16), o subtenente reformado do Corpo de Bombeiros de Caruaru, Joseilson Sud\u00e1rio Flor\u00eancio, conhecido&hellip;<\/p>\n","protected":false},"author":1,"featured_media":96247,"comment_status":"closed","ping_status":"open","sticky":false,"template":"","format":"standard","meta":{"footnotes":""},"categories":[14121],"tags":[2,19532,3406,27560],"class_list":["post-96246","post","type-post","status-publish","format-standard","has-post-thumbnail","hentry","category-policial","tag-blog-do-edvaldo-magalhaes","tag-blog-mais-acessado-e-visualizado-de-caruaru-e-regiao","tag-caruaru","tag-subtenente-reformado-do-corpo-de-bombeiros-e-agredido-e-baleado-em-caruaru"],"_links":{"self":[{"href":"https:\/\/blogdoedvaldomagalhaes.com.br\/index.php\/wp-json\/wp\/v2\/posts\/96246","targetHints":{"allow":["GET"]}}],"collection":[{"href":"https:\/\/blogdoedvaldomagalhaes.com.br\/index.php\/wp-json\/wp\/v2\/posts"}],"about":[{"href":"https:\/\/blogdoedvaldomagalhaes.com.br\/index.php\/wp-json\/wp\/v2\/types\/post"}],"author":[{"embeddable":true,"href":"https:\/\/blogdoedvaldomagalhaes.com.br\/index.php\/wp-json\/wp\/v2\/users\/1"}],"replies":[{"embeddable":true,"href":"https:\/\/blogdoedvaldomagalhaes.com.br\/index.php\/wp-json\/wp\/v2\/comments?post=96246"}],"version-history":[{"count":5,"href":"https:\/\/blogdoedvaldomagalhaes.com.br\/index.php\/wp-json\/wp\/v2\/posts\/96246\/revisions"}],"predecessor-version":[{"id":96256,"href":"https:\/\/blogdoedvaldomagalhaes.com.br\/index.php\/wp-json\/wp\/v2\/posts\/96246\/revisions\/96256"}],"wp:featuredmedia":[{"embeddable":true,"href":"https:\/\/blogdoedvaldomagalhaes.com.br\/index.php\/wp-json\/wp\/v2\/media\/96247"}],"wp:attachment":[{"href":"https:\/\/blogdoedvaldomagalhaes.com.br\/index.php\/wp-json\/wp\/v2\/media?parent=96246"}],"wp:term":[{"taxonomy":"category","embeddable":true,"href":"https:\/\/blogdoedvaldomagalhaes.com.br\/index.php\/wp-json\/wp\/v2\/categories?post=96246"},{"taxonomy":"post_tag","embeddable":true,"href":"https:\/\/blogdoedvaldomagalhaes.com.br\/index.php\/wp-json\/wp\/v2\/tags?post=96246"}],"curies":[{"name":"wp","href":"https:\/\/api.w.org\/{rel}","templated":true}]}}