{"id":96241,"date":"2023-05-16T19:02:23","date_gmt":"2023-05-16T22:02:23","guid":{"rendered":"https:\/\/blogdoedvaldomagalhaes.com.br\/?p=96241"},"modified":"2023-05-16T19:06:45","modified_gmt":"2023-05-16T22:06:45","slug":"aprovado-pl-do-vereador-mano-do-som-para-instalacoes-de-cameras-nas-escolas-e-creches","status":"publish","type":"post","link":"https:\/\/blogdoedvaldomagalhaes.com.br\/index.php\/2023\/05\/16\/aprovado-pl-do-vereador-mano-do-som-para-instalacoes-de-cameras-nas-escolas-e-creches\/","title":{"rendered":"Aprovado PL do vereador Mano do Som para instala\u00e7\u00f5es de c\u00e2meras nas escolas e creches"},"content":{"rendered":"<p style=\"text-align: justify;\">Aprovado por unanimidade na sess\u00e3o ordin\u00e1ria da C\u00e2mara de Caruaru, o Projeto de Lei de n\u00ba 9227 que visa a instala\u00e7\u00e3o de equipamentos de seguran\u00e7a e monitoramento, que ser\u00e3o instalados nas escolas municipais de Caruaru, com a finalidade de garantir a seguran\u00e7a dos funcion\u00e1rios e alunos, bem como, inibir a pr\u00e1tica de bullying e viol\u00eancia escolar, tutelando assim, o bem mais importante: a vida!<\/p>\n<p style=\"text-align: justify;\">Siga o Instagram do Blog @blogdoedvaldomagalhaes<\/p>\n","protected":false},"excerpt":{"rendered":"<p>Aprovado por unanimidade na sess\u00e3o ordin\u00e1ria da C\u00e2mara de Caruaru, o Projeto de Lei de n\u00ba 9227 que visa a&hellip;<\/p>\n","protected":false},"author":1,"featured_media":96245,"comment_status":"closed","ping_status":"open","sticky":false,"template":"","format":"standard","meta":{"footnotes":""},"categories":[14122],"tags":[27559,2,19532,3406,20],"class_list":["post-96241","post","type-post","status-publish","format-standard","has-post-thumbnail","hentry","category-politica","tag-aprovado-pl-do-vereador-mano-do-som-para-instalacoes-de-cameras-nas-escolas-e-creches","tag-blog-do-edvaldo-magalhaes","tag-blog-mais-acessado-e-visualizado-de-caruaru-e-regiao","tag-caruaru","tag-politica"],"_links":{"self":[{"href":"https:\/\/blogdoedvaldomagalhaes.com.br\/index.php\/wp-json\/wp\/v2\/posts\/96241","targetHints":{"allow":["GET"]}}],"collection":[{"href":"https:\/\/blogdoedvaldomagalhaes.com.br\/index.php\/wp-json\/wp\/v2\/posts"}],"about":[{"href":"https:\/\/blogdoedvaldomagalhaes.com.br\/index.php\/wp-json\/wp\/v2\/types\/post"}],"author":[{"embeddable":true,"href":"https:\/\/blogdoedvaldomagalhaes.com.br\/index.php\/wp-json\/wp\/v2\/users\/1"}],"replies":[{"embeddable":true,"href":"https:\/\/blogdoedvaldomagalhaes.com.br\/index.php\/wp-json\/wp\/v2\/comments?post=96241"}],"version-history":[{"count":1,"href":"https:\/\/blogdoedvaldomagalhaes.com.br\/index.php\/wp-json\/wp\/v2\/posts\/96241\/revisions"}],"predecessor-version":[{"id":96242,"href":"https:\/\/blogdoedvaldomagalhaes.com.br\/index.php\/wp-json\/wp\/v2\/posts\/96241\/revisions\/96242"}],"wp:featuredmedia":[{"embeddable":true,"href":"https:\/\/blogdoedvaldomagalhaes.com.br\/index.php\/wp-json\/wp\/v2\/media\/96245"}],"wp:attachment":[{"href":"https:\/\/blogdoedvaldomagalhaes.com.br\/index.php\/wp-json\/wp\/v2\/media?parent=96241"}],"wp:term":[{"taxonomy":"category","embeddable":true,"href":"https:\/\/blogdoedvaldomagalhaes.com.br\/index.php\/wp-json\/wp\/v2\/categories?post=96241"},{"taxonomy":"post_tag","embeddable":true,"href":"https:\/\/blogdoedvaldomagalhaes.com.br\/index.php\/wp-json\/wp\/v2\/tags?post=96241"}],"curies":[{"name":"wp","href":"https:\/\/api.w.org\/{rel}","templated":true}]}}