{"id":96236,"date":"2023-05-16T18:29:26","date_gmt":"2023-05-16T21:29:26","guid":{"rendered":"https:\/\/blogdoedvaldomagalhaes.com.br\/?p=96236"},"modified":"2023-05-16T18:38:30","modified_gmt":"2023-05-16T21:38:30","slug":"vereador-cabo-cardoso-pede-instalacao-de-posto-de-seguranca-da-guarda-municipal-na-rua-saldanha-da-gama","status":"publish","type":"post","link":"https:\/\/blogdoedvaldomagalhaes.com.br\/index.php\/2023\/05\/16\/vereador-cabo-cardoso-pede-instalacao-de-posto-de-seguranca-da-guarda-municipal-na-rua-saldanha-da-gama\/","title":{"rendered":"Vereador Cabo Cardoso pede instala\u00e7\u00e3o de posto de seguran\u00e7a da Guarda Municipal na rua Saldanha da Gama"},"content":{"rendered":"<p style=\"text-align: justify;\">O Vereador Cabo Cardoso solicitou a prefeitura municipal de Caruaru a instala\u00e7\u00e3o de um posto avan\u00e7ado de seguran\u00e7a da guarda municipal com funcionamento 24 horas na Saldanha da Gama. O parlamentar preocupado com a seguran\u00e7a das pessoas, dos moradores e comerciantes e demais pessoas que ali transitam, o cabo Cardoso pede a urg\u00eancia nessa implanta\u00e7\u00e3o e ainda refor\u00e7a o pedido que fez de prepara\u00e7\u00e3o e armamento da guarda municipal visando a seguran\u00e7a da popula\u00e7\u00e3o. Foto: Vladimir Barreto.<\/p>\n<p style=\"text-align: justify;\">Siga o Instagram do Blog @blogdoedvaldomagalhaes<\/p>\n","protected":false},"excerpt":{"rendered":"<p>O Vereador Cabo Cardoso solicitou a prefeitura municipal de Caruaru a instala\u00e7\u00e3o de um posto avan\u00e7ado de seguran\u00e7a da guarda&hellip;<\/p>\n","protected":false},"author":1,"featured_media":96239,"comment_status":"closed","ping_status":"open","sticky":false,"template":"","format":"standard","meta":{"footnotes":""},"categories":[14122],"tags":[2,19532,3406,20,27558],"class_list":["post-96236","post","type-post","status-publish","format-standard","has-post-thumbnail","hentry","category-politica","tag-blog-do-edvaldo-magalhaes","tag-blog-mais-acessado-e-visualizado-de-caruaru-e-regiao","tag-caruaru","tag-politica","tag-vereador-cabo-cardoso-pede-instalacao-de-posto-de-seguranca-da-guarda-municipal-na-rua-saldanha-da-gama"],"_links":{"self":[{"href":"https:\/\/blogdoedvaldomagalhaes.com.br\/index.php\/wp-json\/wp\/v2\/posts\/96236","targetHints":{"allow":["GET"]}}],"collection":[{"href":"https:\/\/blogdoedvaldomagalhaes.com.br\/index.php\/wp-json\/wp\/v2\/posts"}],"about":[{"href":"https:\/\/blogdoedvaldomagalhaes.com.br\/index.php\/wp-json\/wp\/v2\/types\/post"}],"author":[{"embeddable":true,"href":"https:\/\/blogdoedvaldomagalhaes.com.br\/index.php\/wp-json\/wp\/v2\/users\/1"}],"replies":[{"embeddable":true,"href":"https:\/\/blogdoedvaldomagalhaes.com.br\/index.php\/wp-json\/wp\/v2\/comments?post=96236"}],"version-history":[{"count":1,"href":"https:\/\/blogdoedvaldomagalhaes.com.br\/index.php\/wp-json\/wp\/v2\/posts\/96236\/revisions"}],"predecessor-version":[{"id":96238,"href":"https:\/\/blogdoedvaldomagalhaes.com.br\/index.php\/wp-json\/wp\/v2\/posts\/96236\/revisions\/96238"}],"wp:featuredmedia":[{"embeddable":true,"href":"https:\/\/blogdoedvaldomagalhaes.com.br\/index.php\/wp-json\/wp\/v2\/media\/96239"}],"wp:attachment":[{"href":"https:\/\/blogdoedvaldomagalhaes.com.br\/index.php\/wp-json\/wp\/v2\/media?parent=96236"}],"wp:term":[{"taxonomy":"category","embeddable":true,"href":"https:\/\/blogdoedvaldomagalhaes.com.br\/index.php\/wp-json\/wp\/v2\/categories?post=96236"},{"taxonomy":"post_tag","embeddable":true,"href":"https:\/\/blogdoedvaldomagalhaes.com.br\/index.php\/wp-json\/wp\/v2\/tags?post=96236"}],"curies":[{"name":"wp","href":"https:\/\/api.w.org\/{rel}","templated":true}]}}