{"id":96233,"date":"2023-05-16T17:39:21","date_gmt":"2023-05-16T20:39:21","guid":{"rendered":"https:\/\/blogdoedvaldomagalhaes.com.br\/?p=96233"},"modified":"2023-05-16T17:39:22","modified_gmt":"2023-05-16T20:39:22","slug":"anderson-correia-cobra-politicas-publicas-para-animais-atropelados-em-caruaru","status":"publish","type":"post","link":"https:\/\/blogdoedvaldomagalhaes.com.br\/index.php\/2023\/05\/16\/anderson-correia-cobra-politicas-publicas-para-animais-atropelados-em-caruaru\/","title":{"rendered":"Anderson Correia cobra pol\u00edticas p\u00fablicas para animais atropelados em Caruaru"},"content":{"rendered":"<p style=\"text-align: justify;\"><span style=\"color: initial; font-size: revert;\">Com um mandato muito atuante na prote\u00e7\u00e3o, combate aos maus-tratos e resgate de animais, o vereador Anderson Correia (PP), cobrou, na sess\u00e3o plen\u00e1ria realizada na C\u00e2mara Municipal de Caruaru, na tarde desta ter\u00e7a-feira (16), pol\u00edticas p\u00fablicas voltadas para os animais de rua que s\u00e3o atropelados na Capital do Agreste. Entre as pol\u00edticas sugeridas pelo parlamentar para serem implantadas pelo Munic\u00edpio est\u00e3o a Casa de Passagem e o Hospital P\u00fablico Veterin\u00e1rio, que s\u00e3o lutas do edil desde o in\u00edcio do mandato.<\/span><\/p>\n<p style=\"text-align: justify;\">\u201cPrecisamos urgente de pol\u00edticas p\u00fablicas voltadas para os animais que s\u00e3o atropelados em Caruaru. A AME Animal n\u00e3o tem a estrutura necess\u00e1ria para receber esses animais, tendo de terceirizar este servi\u00e7o para cl\u00ednicas terceirizadas fazerem as cirurgias, que ainda assim \u00e9 muito pouco. N\u00e3o se tem um lugar para esses animais ficarem no p\u00f3s-cir\u00fargico e nem um suporte necess\u00e1rio para suprir a demanda dos que s\u00e3o atropelados. Por isso a import\u00e2ncia da Casa de Passagem e da implanta\u00e7\u00e3o do Hospital P\u00fablico Veterin\u00e1rio, que s\u00e3o pedidos nossos h\u00e1 anos. Esperamos a sensibilidade do Poder Executivo tamb\u00e9m neste sentido, para mudarmos essa triste realidade que existe em nossa cidade\u201d, destacou Anderson.<\/p>\n<p style=\"text-align: justify;\">Foto: Vladimir Barreto.<\/p>\n<p style=\"text-align: justify;\">Siga o Instagram do Blog @blogdoedvaldomagalhaes<\/p>\n","protected":false},"excerpt":{"rendered":"<p>Com um mandato muito atuante na prote\u00e7\u00e3o, combate aos maus-tratos e resgate de animais, o vereador Anderson Correia (PP), cobrou,&hellip;<\/p>\n","protected":false},"author":1,"featured_media":96234,"comment_status":"closed","ping_status":"open","sticky":false,"template":"","format":"standard","meta":{"footnotes":""},"categories":[14122],"tags":[27557,2,19532,3406,20],"class_list":["post-96233","post","type-post","status-publish","format-standard","has-post-thumbnail","hentry","category-politica","tag-anderson-correia-cobra-politicas-publicas-para-animais-atropelados-em-caruaru","tag-blog-do-edvaldo-magalhaes","tag-blog-mais-acessado-e-visualizado-de-caruaru-e-regiao","tag-caruaru","tag-politica"],"_links":{"self":[{"href":"https:\/\/blogdoedvaldomagalhaes.com.br\/index.php\/wp-json\/wp\/v2\/posts\/96233","targetHints":{"allow":["GET"]}}],"collection":[{"href":"https:\/\/blogdoedvaldomagalhaes.com.br\/index.php\/wp-json\/wp\/v2\/posts"}],"about":[{"href":"https:\/\/blogdoedvaldomagalhaes.com.br\/index.php\/wp-json\/wp\/v2\/types\/post"}],"author":[{"embeddable":true,"href":"https:\/\/blogdoedvaldomagalhaes.com.br\/index.php\/wp-json\/wp\/v2\/users\/1"}],"replies":[{"embeddable":true,"href":"https:\/\/blogdoedvaldomagalhaes.com.br\/index.php\/wp-json\/wp\/v2\/comments?post=96233"}],"version-history":[{"count":1,"href":"https:\/\/blogdoedvaldomagalhaes.com.br\/index.php\/wp-json\/wp\/v2\/posts\/96233\/revisions"}],"predecessor-version":[{"id":96235,"href":"https:\/\/blogdoedvaldomagalhaes.com.br\/index.php\/wp-json\/wp\/v2\/posts\/96233\/revisions\/96235"}],"wp:featuredmedia":[{"embeddable":true,"href":"https:\/\/blogdoedvaldomagalhaes.com.br\/index.php\/wp-json\/wp\/v2\/media\/96234"}],"wp:attachment":[{"href":"https:\/\/blogdoedvaldomagalhaes.com.br\/index.php\/wp-json\/wp\/v2\/media?parent=96233"}],"wp:term":[{"taxonomy":"category","embeddable":true,"href":"https:\/\/blogdoedvaldomagalhaes.com.br\/index.php\/wp-json\/wp\/v2\/categories?post=96233"},{"taxonomy":"post_tag","embeddable":true,"href":"https:\/\/blogdoedvaldomagalhaes.com.br\/index.php\/wp-json\/wp\/v2\/tags?post=96233"}],"curies":[{"name":"wp","href":"https:\/\/api.w.org\/{rel}","templated":true}]}}