{"id":96230,"date":"2023-05-16T16:33:19","date_gmt":"2023-05-16T19:33:19","guid":{"rendered":"https:\/\/blogdoedvaldomagalhaes.com.br\/?p=96230"},"modified":"2023-05-16T16:33:20","modified_gmt":"2023-05-16T19:33:20","slug":"vereador-jorge-quintino-solicita-criacao-de-uma-politica-para-diagnosticar-e-prevenir-depressao","status":"publish","type":"post","link":"https:\/\/blogdoedvaldomagalhaes.com.br\/index.php\/2023\/05\/16\/vereador-jorge-quintino-solicita-criacao-de-uma-politica-para-diagnosticar-e-prevenir-depressao\/","title":{"rendered":"Vereador Jorge Quintino solicita cria\u00e7\u00e3o de uma pol\u00edtica para diagnosticar e prevenir depress\u00e3o"},"content":{"rendered":"<p style=\"text-align: justify;\"><span style=\"color: initial; font-size: revert;\">Na tarde desta ter\u00e7a-feira (16), acontece mais uma reuni\u00e3o ordin\u00e1ria na C\u00e2mara Municipal. O vereador Jorge Quintino (Solidariedade) destacar\u00e1 um Projeto de Lei que disp\u00f5e sobre a cria\u00e7\u00e3o da Pol\u00edtica de Diagn\u00f3stico e Tratamento da S\u00edndrome da Depress\u00e3o nas Redes P\u00fablicas de Sa\u00fade e d\u00e1 outras provid\u00eancias, defendendo sua sa\u00fade, dignidade e bem-estar, que \u00e9 direito fundamental de todos os cidad\u00e3os e deve ser tratada com a devida import\u00e2ncia e respeito.<\/span><\/p>\n<p style=\"text-align: justify;\">O presente projeto de lei, tem como objetivo, detectar a doen\u00e7a ou evid\u00eancias de que ela possa vir a ocorrer, visando prevenir seu aparecimento, identificar, cadastrar e acompanhar pacientes da rede p\u00fablica, diagnosticados com depress\u00e3o e garantir a abordagem do tema, em reuni\u00f5es tem\u00e1ticas, como forma de disseminar as informa\u00e7\u00f5es a respeito da doen\u00e7a e combater o preconceito.<\/p>\n<p style=\"text-align: justify;\">\u201cDessa forma, \u00e9 dever nosso, cuidar da sa\u00fade e assist\u00eancia p\u00fablica, da prote\u00e7\u00e3o e preven\u00e7\u00e3o da popula\u00e7\u00e3o que sofre com este transtorno mental, visto que, falar sobre depress\u00e3o deve ser o primeiro e mais importante passo n\u00e3o apenas para que fique claro que h\u00e1 tratamento para a doen\u00e7a, tamb\u00e9m como uma estrat\u00e9gia essencial para garantir o diagn\u00f3stico precoce, evitar o agravamento do quadro e, consequentemente, reduzir o n\u00famero de casos cr\u00f4nicos do transtorno\u201d, vaticinou o vereador.<\/p>\n<p style=\"text-align: justify;\">Ainda na sess\u00e3o legislativa, Jorge Quintino apresentar\u00e1 um requerimento solicitando ao Poder Executivo que seja criado uma Comiss\u00e3o de Defesa dos Direitos das Pessoas com Defici\u00eancia.<\/p>\n<p style=\"text-align: justify;\">O Edil, afirma que, debater esse tipo de tema, al\u00e9m de extremamente relevante, \u00e9 enriquecedor. Enseja maior conscientiza\u00e7\u00e3o de todos para erradica\u00e7\u00e3o do preconceito que, infelizmente, est\u00e1 enraizado em nossa sociedade, pois, quanto mais esse assunto estiver em evid\u00eancia e mais pessoas procurarem sobre ele, mais seremos capazes de disseminar conhecimento e cultura a todos da sociedade. Falar sobre pessoas com defici\u00eancia, \u00e9 falar, antes de tudo, sobre pessoas sejam elas t\u00edpicas ou at\u00edpicas. Pessoas com defici\u00eancia s\u00e3o pessoas que, como todas as outras, merecem o devido respeito aos seus direitos.<\/p>\n<p style=\"text-align: justify;\">28\u00aa Ordin\u00e1ria da 3\u00aa Sess\u00e3o Legislativa da 18\u00aa Legislatura, ocorre na Casa Jornalista Jos\u00e9 Carlos Flor\u00eancio. Foto: Vladimir Barreto.<\/p>\n<p style=\"text-align: justify;\">Siga o Instagram do Blog @blogdoedvaldomagalhaes<\/p>\n","protected":false},"excerpt":{"rendered":"<p>Na tarde desta ter\u00e7a-feira (16), acontece mais uma reuni\u00e3o ordin\u00e1ria na C\u00e2mara Municipal. O vereador Jorge Quintino (Solidariedade) destacar\u00e1 um&hellip;<\/p>\n","protected":false},"author":1,"featured_media":96231,"comment_status":"closed","ping_status":"open","sticky":false,"template":"","format":"standard","meta":{"footnotes":""},"categories":[14122],"tags":[2,19532,3406,20,27556],"class_list":["post-96230","post","type-post","status-publish","format-standard","has-post-thumbnail","hentry","category-politica","tag-blog-do-edvaldo-magalhaes","tag-blog-mais-acessado-e-visualizado-de-caruaru-e-regiao","tag-caruaru","tag-politica","tag-vereador-jorge-quintino-solicita-criacao-de-uma-politica-para-diagnosticar-e-prevenir-depressao"],"_links":{"self":[{"href":"https:\/\/blogdoedvaldomagalhaes.com.br\/index.php\/wp-json\/wp\/v2\/posts\/96230","targetHints":{"allow":["GET"]}}],"collection":[{"href":"https:\/\/blogdoedvaldomagalhaes.com.br\/index.php\/wp-json\/wp\/v2\/posts"}],"about":[{"href":"https:\/\/blogdoedvaldomagalhaes.com.br\/index.php\/wp-json\/wp\/v2\/types\/post"}],"author":[{"embeddable":true,"href":"https:\/\/blogdoedvaldomagalhaes.com.br\/index.php\/wp-json\/wp\/v2\/users\/1"}],"replies":[{"embeddable":true,"href":"https:\/\/blogdoedvaldomagalhaes.com.br\/index.php\/wp-json\/wp\/v2\/comments?post=96230"}],"version-history":[{"count":1,"href":"https:\/\/blogdoedvaldomagalhaes.com.br\/index.php\/wp-json\/wp\/v2\/posts\/96230\/revisions"}],"predecessor-version":[{"id":96232,"href":"https:\/\/blogdoedvaldomagalhaes.com.br\/index.php\/wp-json\/wp\/v2\/posts\/96230\/revisions\/96232"}],"wp:featuredmedia":[{"embeddable":true,"href":"https:\/\/blogdoedvaldomagalhaes.com.br\/index.php\/wp-json\/wp\/v2\/media\/96231"}],"wp:attachment":[{"href":"https:\/\/blogdoedvaldomagalhaes.com.br\/index.php\/wp-json\/wp\/v2\/media?parent=96230"}],"wp:term":[{"taxonomy":"category","embeddable":true,"href":"https:\/\/blogdoedvaldomagalhaes.com.br\/index.php\/wp-json\/wp\/v2\/categories?post=96230"},{"taxonomy":"post_tag","embeddable":true,"href":"https:\/\/blogdoedvaldomagalhaes.com.br\/index.php\/wp-json\/wp\/v2\/tags?post=96230"}],"curies":[{"name":"wp","href":"https:\/\/api.w.org\/{rel}","templated":true}]}}