{"id":96223,"date":"2023-05-16T11:11:17","date_gmt":"2023-05-16T14:11:17","guid":{"rendered":"https:\/\/blogdoedvaldomagalhaes.com.br\/?p=96223"},"modified":"2023-05-16T11:33:40","modified_gmt":"2023-05-16T14:33:40","slug":"presidente-da-oab-caruaru-sera-homenageado-pelo-poder-legislativo-municipal","status":"publish","type":"post","link":"https:\/\/blogdoedvaldomagalhaes.com.br\/index.php\/2023\/05\/16\/presidente-da-oab-caruaru-sera-homenageado-pelo-poder-legislativo-municipal\/","title":{"rendered":"Presidente da OAB Caruaru ser\u00e1 homenageado pelo Poder Legislativo Municipal"},"content":{"rendered":"<p style=\"text-align: justify;\"><span style=\"color: initial; font-size: revert;\">No dia 18 de maio, o presidente da OAB Caruaru, Fernando J\u00fanior, vai receber duas homenagens da C\u00e2mara de Vereadores de Caruaru, a medalha de Honra ao M\u00e9rito 18 de Maio e a medalha de Honra ao M\u00e9rito Jos\u00e9 Rodrigues de Jesus, diante dos servi\u00e7os prestados \u00e0 advocacia e \u00e0 sociedade.<\/span><\/p>\n<p style=\"text-align: justify;\">A medalha de Honra ao M\u00e9rito 18 de Maio \u00e9 propositura do vereador Anderson Correia, ela \u00e9 entregue a at\u00e9 dez pessoas por Sess\u00e3o Legislativa, desde que sejam naturais de Caruaru e reconhecidas nacionalmente pelo destaque em suas atividades (Decreto n. 136\/97). J\u00e1 a Honra ao M\u00e9rito Jos\u00e9 Rodrigues de Jesus \u00e9 propositura do vereador Mano do Som, \u00e9 a mais alta honraria da Casa.<\/p>\n<p style=\"text-align: justify;\">A solenidade de entrega das comendas especiais vai acontecer no dia 18 de maio, a partir das 19h30, no Teatro do Difusora.<\/p>\n\n\n<figure class=\"wp-block-image size-large\"><img loading=\"lazy\" decoding=\"async\" width=\"1024\" height=\"1024\" src=\"https:\/\/blogdoedvaldomagalhaes.com.br\/wp-content\/uploads\/2023\/05\/IMG-20230516-WA0072-1024x1024.jpg\" alt=\"\" class=\"wp-image-96225\" srcset=\"https:\/\/blogdoedvaldomagalhaes.com.br\/wp-content\/uploads\/2023\/05\/IMG-20230516-WA0072-1024x1024.jpg 1024w, https:\/\/blogdoedvaldomagalhaes.com.br\/wp-content\/uploads\/2023\/05\/IMG-20230516-WA0072-300x300.jpg 300w, https:\/\/blogdoedvaldomagalhaes.com.br\/wp-content\/uploads\/2023\/05\/IMG-20230516-WA0072-150x150.jpg 150w, https:\/\/blogdoedvaldomagalhaes.com.br\/wp-content\/uploads\/2023\/05\/IMG-20230516-WA0072-768x768.jpg 768w, https:\/\/blogdoedvaldomagalhaes.com.br\/wp-content\/uploads\/2023\/05\/IMG-20230516-WA0072.jpg 1080w\" sizes=\"auto, (max-width: 1024px) 100vw, 1024px\" \/><\/figure>\n","protected":false},"excerpt":{"rendered":"<p>No dia 18 de maio, o presidente da OAB Caruaru, Fernando J\u00fanior, vai receber duas homenagens da C\u00e2mara de Vereadores&hellip;<\/p>\n","protected":false},"author":1,"featured_media":96224,"comment_status":"closed","ping_status":"open","sticky":false,"template":"","format":"standard","meta":{"footnotes":""},"categories":[14120],"tags":[2,19532,3406,27555],"class_list":["post-96223","post","type-post","status-publish","format-standard","has-post-thumbnail","hentry","category-noticias","tag-blog-do-edvaldo-magalhaes","tag-blog-mais-acessado-e-visualizado-de-caruaru-e-regiao","tag-caruaru","tag-presidente-da-oab-caruaru-sera-homenageado-pelo-poder-legislativo-municipal"],"_links":{"self":[{"href":"https:\/\/blogdoedvaldomagalhaes.com.br\/index.php\/wp-json\/wp\/v2\/posts\/96223","targetHints":{"allow":["GET"]}}],"collection":[{"href":"https:\/\/blogdoedvaldomagalhaes.com.br\/index.php\/wp-json\/wp\/v2\/posts"}],"about":[{"href":"https:\/\/blogdoedvaldomagalhaes.com.br\/index.php\/wp-json\/wp\/v2\/types\/post"}],"author":[{"embeddable":true,"href":"https:\/\/blogdoedvaldomagalhaes.com.br\/index.php\/wp-json\/wp\/v2\/users\/1"}],"replies":[{"embeddable":true,"href":"https:\/\/blogdoedvaldomagalhaes.com.br\/index.php\/wp-json\/wp\/v2\/comments?post=96223"}],"version-history":[{"count":2,"href":"https:\/\/blogdoedvaldomagalhaes.com.br\/index.php\/wp-json\/wp\/v2\/posts\/96223\/revisions"}],"predecessor-version":[{"id":96227,"href":"https:\/\/blogdoedvaldomagalhaes.com.br\/index.php\/wp-json\/wp\/v2\/posts\/96223\/revisions\/96227"}],"wp:featuredmedia":[{"embeddable":true,"href":"https:\/\/blogdoedvaldomagalhaes.com.br\/index.php\/wp-json\/wp\/v2\/media\/96224"}],"wp:attachment":[{"href":"https:\/\/blogdoedvaldomagalhaes.com.br\/index.php\/wp-json\/wp\/v2\/media?parent=96223"}],"wp:term":[{"taxonomy":"category","embeddable":true,"href":"https:\/\/blogdoedvaldomagalhaes.com.br\/index.php\/wp-json\/wp\/v2\/categories?post=96223"},{"taxonomy":"post_tag","embeddable":true,"href":"https:\/\/blogdoedvaldomagalhaes.com.br\/index.php\/wp-json\/wp\/v2\/tags?post=96223"}],"curies":[{"name":"wp","href":"https:\/\/api.w.org\/{rel}","templated":true}]}}