{"id":96218,"date":"2023-05-16T10:30:59","date_gmt":"2023-05-16T13:30:59","guid":{"rendered":"https:\/\/blogdoedvaldomagalhaes.com.br\/?p=96218"},"modified":"2023-05-16T10:31:00","modified_gmt":"2023-05-16T13:31:00","slug":"homem-e-preso-por-maus-tratos-contra-animal","status":"publish","type":"post","link":"https:\/\/blogdoedvaldomagalhaes.com.br\/index.php\/2023\/05\/16\/homem-e-preso-por-maus-tratos-contra-animal\/","title":{"rendered":"Homem \u00e9 preso por maus-tratos contra animal"},"content":{"rendered":"<p style=\"text-align: justify;\"><span style=\"font-size: revert;\">Revoltados com a crueldade, vizinhos denunciaram um homem por maus-tratos contra um c\u00e3o de pequeno porte, da ra\u00e7a poodle, na Rua Gurj\u00e3o, no Curado III, em Jaboat\u00e3o dos Guararapes. Policiais militares do 25\u00ba BPM foram ao local e encontraram o animal sem conseguir andar, com uma pata machucada e dois cortes, sendo um na cabe\u00e7a e outro na barriga. As testemunhas relataram que chamaram a pol\u00edcia porque n\u00e3o aguentavam mais ver tanto sofrimento.<\/span><\/p>\n<p style=\"text-align: justify;\"><span style=\"font-size: revert;\"> O animal foi furado com uma chave de fenda, pendurado na grade do port\u00e3o da casa numa tentativa de enforcamento e tamb\u00e9m afogado em uma bacia d\u2019\u00e1gua. O envolvido tentou reagir \u00e0 voz de pris\u00e3o, mas foi contido e apresentado \u00e0 Pol\u00edcia Civil, para a tomada das medidas cab\u00edveis. Foto: Divulga\u00e7\u00e3o\/PMPE.<\/span><\/p>\n<p>Siga o Instagram do Blog @blogdoedvaldomagalhaes<\/p>\n","protected":false},"excerpt":{"rendered":"<p>Revoltados com a crueldade, vizinhos denunciaram um homem por maus-tratos contra um c\u00e3o de pequeno porte, da ra\u00e7a poodle, na&hellip;<\/p>\n","protected":false},"author":1,"featured_media":96219,"comment_status":"closed","ping_status":"open","sticky":false,"template":"","format":"standard","meta":{"footnotes":""},"categories":[14120],"tags":[2,19532,3406,27554],"class_list":["post-96218","post","type-post","status-publish","format-standard","has-post-thumbnail","hentry","category-noticias","tag-blog-do-edvaldo-magalhaes","tag-blog-mais-acessado-e-visualizado-de-caruaru-e-regiao","tag-caruaru","tag-homem-e-preso-por-maus-tratos-contra-animal"],"_links":{"self":[{"href":"https:\/\/blogdoedvaldomagalhaes.com.br\/index.php\/wp-json\/wp\/v2\/posts\/96218","targetHints":{"allow":["GET"]}}],"collection":[{"href":"https:\/\/blogdoedvaldomagalhaes.com.br\/index.php\/wp-json\/wp\/v2\/posts"}],"about":[{"href":"https:\/\/blogdoedvaldomagalhaes.com.br\/index.php\/wp-json\/wp\/v2\/types\/post"}],"author":[{"embeddable":true,"href":"https:\/\/blogdoedvaldomagalhaes.com.br\/index.php\/wp-json\/wp\/v2\/users\/1"}],"replies":[{"embeddable":true,"href":"https:\/\/blogdoedvaldomagalhaes.com.br\/index.php\/wp-json\/wp\/v2\/comments?post=96218"}],"version-history":[{"count":1,"href":"https:\/\/blogdoedvaldomagalhaes.com.br\/index.php\/wp-json\/wp\/v2\/posts\/96218\/revisions"}],"predecessor-version":[{"id":96220,"href":"https:\/\/blogdoedvaldomagalhaes.com.br\/index.php\/wp-json\/wp\/v2\/posts\/96218\/revisions\/96220"}],"wp:featuredmedia":[{"embeddable":true,"href":"https:\/\/blogdoedvaldomagalhaes.com.br\/index.php\/wp-json\/wp\/v2\/media\/96219"}],"wp:attachment":[{"href":"https:\/\/blogdoedvaldomagalhaes.com.br\/index.php\/wp-json\/wp\/v2\/media?parent=96218"}],"wp:term":[{"taxonomy":"category","embeddable":true,"href":"https:\/\/blogdoedvaldomagalhaes.com.br\/index.php\/wp-json\/wp\/v2\/categories?post=96218"},{"taxonomy":"post_tag","embeddable":true,"href":"https:\/\/blogdoedvaldomagalhaes.com.br\/index.php\/wp-json\/wp\/v2\/tags?post=96218"}],"curies":[{"name":"wp","href":"https:\/\/api.w.org\/{rel}","templated":true}]}}