{"id":96212,"date":"2023-05-16T09:06:05","date_gmt":"2023-05-16T12:06:05","guid":{"rendered":"https:\/\/blogdoedvaldomagalhaes.com.br\/?p=96212"},"modified":"2023-05-16T09:06:06","modified_gmt":"2023-05-16T12:06:06","slug":"vacina-contra-gripe-e-liberada-para-todas-as-idades-em-caruaru","status":"publish","type":"post","link":"https:\/\/blogdoedvaldomagalhaes.com.br\/index.php\/2023\/05\/16\/vacina-contra-gripe-e-liberada-para-todas-as-idades-em-caruaru\/","title":{"rendered":"Vacina contra gripe \u00e9 liberada para todas as idades em Caruaru"},"content":{"rendered":"<p style=\"text-align: justify;\"><span style=\"color: initial; font-size: revert;\">Liberada nessa segunda (15), em Caruaru, a vacina contra o v\u00edrus Influenza (gripe) para todas as idades. A partir de agora, n\u00e3o precisa mais fazer parte dos grupos priorit\u00e1rios para receber o imunizante, que pode ser tomado acima dos seis meses de idade. Para se vacinar, basta comparecer a um local da vacina\u00e7\u00e3o do munic\u00edpio, portando o CPF ou o Cart\u00e3o do SUS.<\/span><\/p>\n<p style=\"text-align: justify;\">Em Caruaru, a vacina est\u00e1 sendo disponibilizada na Via Parque, de segunda a sexta, das 8h \u00e0s 16h e das 17h \u00e0s 19h30, e aos s\u00e1bados, em novo hor\u00e1rio, das 08h \u00e0s 16h. Nas Unidades B\u00e1sicas de Sa\u00fade (UBS) do munic\u00edpio, a vacina\u00e7\u00e3o \u00e9 de segunda \u00e0 sexta-feira, das 08h \u00e0s 16h, na zona urbana, e das 08h \u00e0s 15h, na zona rural. N\u00e3o \u00e9 necess\u00e1rio agendamento.<\/p>\n<p style=\"text-align: justify;\">A vacina contra o Influenza pode ser administrada de forma simult\u00e2nea com as demais vacinas do calend\u00e1rio de rotina e da Covid-19. Deve ser adiada se o usu\u00e1rio apresentar doen\u00e7a febril aguda ou for caso confirmado de Covid-19, at\u00e9 a melhora do quadro. O imunizante \u00e9 produzido a partir do v\u00edrus inativado e protege contra tr\u00eas tipos de cepas da doen\u00e7a: H1N1,H3N2 e a linhagem \u201cB\u201d Victoria.<\/p>\n<p style=\"text-align: justify;\">Foto: Jorge Farias \/ SECOM \/ PMC.<\/p>\n<p style=\"text-align: justify;\">Siga o Instagram do Blog @blogdoedvaldomagalhaes<\/p>\n","protected":false},"excerpt":{"rendered":"<p>Liberada nessa segunda (15), em Caruaru, a vacina contra o v\u00edrus Influenza (gripe) para todas as idades. A partir de&hellip;<\/p>\n","protected":false},"author":1,"featured_media":96213,"comment_status":"closed","ping_status":"open","sticky":false,"template":"","format":"standard","meta":{"footnotes":""},"categories":[14120],"tags":[2,19532,3406,27553],"class_list":["post-96212","post","type-post","status-publish","format-standard","has-post-thumbnail","hentry","category-noticias","tag-blog-do-edvaldo-magalhaes","tag-blog-mais-acessado-e-visualizado-de-caruaru-e-regiao","tag-caruaru","tag-vacina-contra-gripe-e-liberada-para-todas-as-idades-em-caruaru"],"_links":{"self":[{"href":"https:\/\/blogdoedvaldomagalhaes.com.br\/index.php\/wp-json\/wp\/v2\/posts\/96212","targetHints":{"allow":["GET"]}}],"collection":[{"href":"https:\/\/blogdoedvaldomagalhaes.com.br\/index.php\/wp-json\/wp\/v2\/posts"}],"about":[{"href":"https:\/\/blogdoedvaldomagalhaes.com.br\/index.php\/wp-json\/wp\/v2\/types\/post"}],"author":[{"embeddable":true,"href":"https:\/\/blogdoedvaldomagalhaes.com.br\/index.php\/wp-json\/wp\/v2\/users\/1"}],"replies":[{"embeddable":true,"href":"https:\/\/blogdoedvaldomagalhaes.com.br\/index.php\/wp-json\/wp\/v2\/comments?post=96212"}],"version-history":[{"count":1,"href":"https:\/\/blogdoedvaldomagalhaes.com.br\/index.php\/wp-json\/wp\/v2\/posts\/96212\/revisions"}],"predecessor-version":[{"id":96214,"href":"https:\/\/blogdoedvaldomagalhaes.com.br\/index.php\/wp-json\/wp\/v2\/posts\/96212\/revisions\/96214"}],"wp:featuredmedia":[{"embeddable":true,"href":"https:\/\/blogdoedvaldomagalhaes.com.br\/index.php\/wp-json\/wp\/v2\/media\/96213"}],"wp:attachment":[{"href":"https:\/\/blogdoedvaldomagalhaes.com.br\/index.php\/wp-json\/wp\/v2\/media?parent=96212"}],"wp:term":[{"taxonomy":"category","embeddable":true,"href":"https:\/\/blogdoedvaldomagalhaes.com.br\/index.php\/wp-json\/wp\/v2\/categories?post=96212"},{"taxonomy":"post_tag","embeddable":true,"href":"https:\/\/blogdoedvaldomagalhaes.com.br\/index.php\/wp-json\/wp\/v2\/tags?post=96212"}],"curies":[{"name":"wp","href":"https:\/\/api.w.org\/{rel}","templated":true}]}}