{"id":96205,"date":"2023-05-16T08:59:37","date_gmt":"2023-05-16T11:59:37","guid":{"rendered":"https:\/\/blogdoedvaldomagalhaes.com.br\/?p=96205"},"modified":"2023-05-16T08:59:38","modified_gmt":"2023-05-16T11:59:38","slug":"academia-inaugura-nova-casa-do-cordel-em-caruaru","status":"publish","type":"post","link":"https:\/\/blogdoedvaldomagalhaes.com.br\/index.php\/2023\/05\/16\/academia-inaugura-nova-casa-do-cordel-em-caruaru\/","title":{"rendered":"Academia inaugura nova Casa do Cordel em Caruaru"},"content":{"rendered":"<p style=\"text-align: justify;\"><span style=\"font-size: revert;\">A Academia Caruaruense de Literatura de Cordel (ACLC) completa 18 anos nesta quinta-feira (18 de maio), data que coincide com os 166 anos de emancipa\u00e7\u00e3o pol\u00edtica de Caruaru. Em clima de comemora\u00e7\u00e3o, a institui\u00e7\u00e3o vai inaugurar a nova Casa do Cordel, que sediar\u00e1 a Academia. O novo espa\u00e7o ficar\u00e1 localizado dentro do Polo Caruaru e ser\u00e1 utilizado para recitais, palestras, oficinas e exposi\u00e7\u00f5es referentes \u00e0 literatura popular.<\/span><\/p>\n<p style=\"text-align: justify;\">No dia 18, a programa\u00e7\u00e3o aberta ao p\u00fablico come\u00e7ar\u00e1 \u00e0s 15h, com declama\u00e7\u00f5es de poetas e poetisas, corte de bolo e muita m\u00fasica com o trio Forr\u00f3 Cordel. Para o presidente Davi Geffson, esta data ser\u00e1 hist\u00f3rica. \u201cNossa Academia chega \u00e0 maioridade com grande estilo. Somos uma institui\u00e7\u00e3o que mant\u00e9m a tradi\u00e7\u00e3o e volta os olhos para o futuro. Vamos continuar intensificando nosso trabalho, principalmente no que diz respeito \u00e0 forma\u00e7\u00e3o de p\u00fablico e descoberta de novos talentos\u201d, declara.<\/p>\n<p style=\"text-align: justify;\">Emocionado, Davi Geffson ressalta que despertou seu talento liter\u00e1rio atrav\u00e9s de a\u00e7\u00f5es promovidas pela ACLC. \u201cQuando crian\u00e7a, passei a admirar os poetas da Academia, e estar hoje entre eles \u00e9 uma conquista maravilhosa. No que depender de mim, outras crian\u00e7as e jovens tamb\u00e9m conhecer\u00e3o este universo l\u00fadico que \u00e9 a poesia regional\u201d, salienta.<\/p>\n<p style=\"text-align: justify;\"><strong>Oficina<\/strong><\/p>\n<p style=\"text-align: justify;\">Ainda fazendo parte da programa\u00e7\u00e3o de anivers\u00e1rio, o espa\u00e7o abrigar\u00e1 uma oficina sobre versifica\u00e7\u00e3o, que ser\u00e1 ministrada pelo poeta J\u00e9nerson Alves, a partir das 13h. Com vagas limitadas, os participantes se inscreveram atrav\u00e9s das redes sociais da ACLC. Na ocasi\u00e3o, o autor J\u00e9nerson Alves lan\u00e7ar\u00e1 o folheto \u2018Dicas Gramaticais em Versos de Cordel\u2019.<\/p>\n<p>Foto: Divulga\u00e7\u00e3o.<\/p>\n<p>Siga o Instagram do Blog @blogdoedvaldomagalhaes<\/p>\n<p style=\"text-align: justify;\">\n","protected":false},"excerpt":{"rendered":"<p>A Academia Caruaruense de Literatura de Cordel (ACLC) completa 18 anos nesta quinta-feira (18 de maio), data que coincide com&hellip;<\/p>\n","protected":false},"author":1,"featured_media":96209,"comment_status":"closed","ping_status":"open","sticky":false,"template":"","format":"standard","meta":{"footnotes":""},"categories":[14120],"tags":[27552,2,19532,3406],"class_list":["post-96205","post","type-post","status-publish","format-standard","has-post-thumbnail","hentry","category-noticias","tag-academia-inaugura-nova-casa-do-cordel-em-caruaru","tag-blog-do-edvaldo-magalhaes","tag-blog-mais-acessado-e-visualizado-de-caruaru-e-regiao","tag-caruaru"],"_links":{"self":[{"href":"https:\/\/blogdoedvaldomagalhaes.com.br\/index.php\/wp-json\/wp\/v2\/posts\/96205","targetHints":{"allow":["GET"]}}],"collection":[{"href":"https:\/\/blogdoedvaldomagalhaes.com.br\/index.php\/wp-json\/wp\/v2\/posts"}],"about":[{"href":"https:\/\/blogdoedvaldomagalhaes.com.br\/index.php\/wp-json\/wp\/v2\/types\/post"}],"author":[{"embeddable":true,"href":"https:\/\/blogdoedvaldomagalhaes.com.br\/index.php\/wp-json\/wp\/v2\/users\/1"}],"replies":[{"embeddable":true,"href":"https:\/\/blogdoedvaldomagalhaes.com.br\/index.php\/wp-json\/wp\/v2\/comments?post=96205"}],"version-history":[{"count":1,"href":"https:\/\/blogdoedvaldomagalhaes.com.br\/index.php\/wp-json\/wp\/v2\/posts\/96205\/revisions"}],"predecessor-version":[{"id":96211,"href":"https:\/\/blogdoedvaldomagalhaes.com.br\/index.php\/wp-json\/wp\/v2\/posts\/96205\/revisions\/96211"}],"wp:featuredmedia":[{"embeddable":true,"href":"https:\/\/blogdoedvaldomagalhaes.com.br\/index.php\/wp-json\/wp\/v2\/media\/96209"}],"wp:attachment":[{"href":"https:\/\/blogdoedvaldomagalhaes.com.br\/index.php\/wp-json\/wp\/v2\/media?parent=96205"}],"wp:term":[{"taxonomy":"category","embeddable":true,"href":"https:\/\/blogdoedvaldomagalhaes.com.br\/index.php\/wp-json\/wp\/v2\/categories?post=96205"},{"taxonomy":"post_tag","embeddable":true,"href":"https:\/\/blogdoedvaldomagalhaes.com.br\/index.php\/wp-json\/wp\/v2\/tags?post=96205"}],"curies":[{"name":"wp","href":"https:\/\/api.w.org\/{rel}","templated":true}]}}