{"id":96199,"date":"2023-05-15T21:01:25","date_gmt":"2023-05-16T00:01:25","guid":{"rendered":"https:\/\/blogdoedvaldomagalhaes.com.br\/?p=96199"},"modified":"2023-05-15T21:01:26","modified_gmt":"2023-05-16T00:01:26","slug":"policia-civil-prende-acusado-de-homicidio-em-caruaru","status":"publish","type":"post","link":"https:\/\/blogdoedvaldomagalhaes.com.br\/index.php\/2023\/05\/15\/policia-civil-prende-acusado-de-homicidio-em-caruaru\/","title":{"rendered":"Pol\u00edcia Civil prende acusado de homic\u00eddio em Caruaru"},"content":{"rendered":"<p style=\"text-align: justify;\">A Pol\u00edcia Civil de Pernambuco, por meio da equipe da 20\u00aa Delegacia de Homic\u00eddios de Caruaru-PE &#8211; sob o comando do Delegado M\u00e1rcio George Costa Martins, na manh\u00e3 de hoje (15), efetuou o cumprimento de Mandado de Pris\u00e3o Preventiva em desfavor de um homem, suspeito de ser o autor do homic\u00eddio consumado que vitimou ULISSES PEREIRA DA ROCHA, fato ocorrido no bairro Centen\u00e1rio, Caruaru\/PE, na data de 08 de abril de 2023. O crime contra \u00e0 vida foi motivado pelo prov\u00e1vel envolvimento do autor e da v\u00edtima com o uso\/tr\u00e1fico de drogas. Ap\u00f3s os procedimentos cab\u00edveis, o envolvido foi conduzido ao Sistema Penitenci\u00e1rio, ficando \u00e0 disposi\u00e7\u00e3o da Justi\u00e7a.<br \/>\nO CRIME: Na data de 08 de abril de 2023, por volta das 22h, a v\u00edtima estava no Monte Bom Jesus, Caruaru\/PE, quando foi alvejada por projeteis de arma de fogo. A v\u00edtima, assim que foi lesionada, desceu correndo as escadarias da Rua da Uni\u00e3o e tombou no final da referida rua, j\u00e1 no bairro Centen\u00e1rio.<br \/>\nCabe ressaltar que o autor preso \u00e9 indiv\u00edduo de alta periculosidade que integra um grupo criminoso, respons\u00e1vel pelo tr\u00e1fico de drogas e por diversos homic\u00eddios ocorridos no Monte Bom Jesus. Possui extensa ficha criminal, inclusive j\u00e1 foi preso pela 20\u00aa Delegacia de Homic\u00eddios no ano de 2019, acusado de um homic\u00eddio no Monte Bom Jesus, no mesmo setor em que se deu o crime atualmente investigado.<\/p>\n","protected":false},"excerpt":{"rendered":"<p>A Pol\u00edcia Civil de Pernambuco, por meio da equipe da 20\u00aa Delegacia de Homic\u00eddios de Caruaru-PE &#8211; sob o comando&hellip;<\/p>\n","protected":false},"author":1,"featured_media":43059,"comment_status":"closed","ping_status":"open","sticky":false,"template":"","format":"standard","meta":{"footnotes":""},"categories":[14120],"tags":[2,19532,3406,27550],"class_list":["post-96199","post","type-post","status-publish","format-standard","has-post-thumbnail","hentry","category-noticias","tag-blog-do-edvaldo-magalhaes","tag-blog-mais-acessado-e-visualizado-de-caruaru-e-regiao","tag-caruaru","tag-policia-civil-prende-acusado-de-homicidio-em-caruaru"],"_links":{"self":[{"href":"https:\/\/blogdoedvaldomagalhaes.com.br\/index.php\/wp-json\/wp\/v2\/posts\/96199","targetHints":{"allow":["GET"]}}],"collection":[{"href":"https:\/\/blogdoedvaldomagalhaes.com.br\/index.php\/wp-json\/wp\/v2\/posts"}],"about":[{"href":"https:\/\/blogdoedvaldomagalhaes.com.br\/index.php\/wp-json\/wp\/v2\/types\/post"}],"author":[{"embeddable":true,"href":"https:\/\/blogdoedvaldomagalhaes.com.br\/index.php\/wp-json\/wp\/v2\/users\/1"}],"replies":[{"embeddable":true,"href":"https:\/\/blogdoedvaldomagalhaes.com.br\/index.php\/wp-json\/wp\/v2\/comments?post=96199"}],"version-history":[{"count":1,"href":"https:\/\/blogdoedvaldomagalhaes.com.br\/index.php\/wp-json\/wp\/v2\/posts\/96199\/revisions"}],"predecessor-version":[{"id":96200,"href":"https:\/\/blogdoedvaldomagalhaes.com.br\/index.php\/wp-json\/wp\/v2\/posts\/96199\/revisions\/96200"}],"wp:featuredmedia":[{"embeddable":true,"href":"https:\/\/blogdoedvaldomagalhaes.com.br\/index.php\/wp-json\/wp\/v2\/media\/43059"}],"wp:attachment":[{"href":"https:\/\/blogdoedvaldomagalhaes.com.br\/index.php\/wp-json\/wp\/v2\/media?parent=96199"}],"wp:term":[{"taxonomy":"category","embeddable":true,"href":"https:\/\/blogdoedvaldomagalhaes.com.br\/index.php\/wp-json\/wp\/v2\/categories?post=96199"},{"taxonomy":"post_tag","embeddable":true,"href":"https:\/\/blogdoedvaldomagalhaes.com.br\/index.php\/wp-json\/wp\/v2\/tags?post=96199"}],"curies":[{"name":"wp","href":"https:\/\/api.w.org\/{rel}","templated":true}]}}