{"id":96194,"date":"2023-05-15T20:28:37","date_gmt":"2023-05-15T23:28:37","guid":{"rendered":"https:\/\/blogdoedvaldomagalhaes.com.br\/?p=96194"},"modified":"2023-05-15T20:33:56","modified_gmt":"2023-05-15T23:33:56","slug":"motorista-morre-apos-carro-capotar-na-br-232","status":"publish","type":"post","link":"https:\/\/blogdoedvaldomagalhaes.com.br\/index.php\/2023\/05\/15\/motorista-morre-apos-carro-capotar-na-br-232\/","title":{"rendered":"Motorista morre ap\u00f3s carro capotar na BR 232"},"content":{"rendered":"<p style=\"text-align: justify;\">O sinistro ocorreu por volta das 15h30, desta segunda-feira (15), no Km 84,3 da BR 232, em Gravat\u00e1, no sentido Recife.<\/p>\n<p style=\"text-align: justify;\">O motorista de um carro perdeu o controle do ve\u00edculo, saiu da pista e capotou. Ele foi arremessado do ve\u00edculo e existe a suspeita de que o condutor estava sem o cinto de seguran\u00e7a ou teve algum problema com o equipamento.<\/p>\n<p style=\"text-align: justify;\">O motorista e a passageira ficaram feridos e foram encaminhados \u00e0 UPA de Gravat\u00e1. O motorista n\u00e3o resistiu aos ferimentos e faleceu.<\/p>\n<p style=\"text-align: justify;\">Siga o Instagram do Blog @blogdoedvaldomagalhaes<\/p>\n\n\n<figure class=\"wp-block-image size-large\"><img loading=\"lazy\" decoding=\"async\" width=\"1024\" height=\"575\" src=\"https:\/\/blogdoedvaldomagalhaes.com.br\/wp-content\/uploads\/2023\/05\/E66D9B30-8F23-4A85-A8C2-A77FFD09FEF4-1024x575.jpeg\" alt=\"\" class=\"wp-image-96197\" srcset=\"https:\/\/blogdoedvaldomagalhaes.com.br\/wp-content\/uploads\/2023\/05\/E66D9B30-8F23-4A85-A8C2-A77FFD09FEF4-1024x575.jpeg 1024w, https:\/\/blogdoedvaldomagalhaes.com.br\/wp-content\/uploads\/2023\/05\/E66D9B30-8F23-4A85-A8C2-A77FFD09FEF4-300x169.jpeg 300w, https:\/\/blogdoedvaldomagalhaes.com.br\/wp-content\/uploads\/2023\/05\/E66D9B30-8F23-4A85-A8C2-A77FFD09FEF4-768x431.jpeg 768w, https:\/\/blogdoedvaldomagalhaes.com.br\/wp-content\/uploads\/2023\/05\/E66D9B30-8F23-4A85-A8C2-A77FFD09FEF4-1140x641.jpeg 1140w, https:\/\/blogdoedvaldomagalhaes.com.br\/wp-content\/uploads\/2023\/05\/E66D9B30-8F23-4A85-A8C2-A77FFD09FEF4-720x405.jpeg 720w, https:\/\/blogdoedvaldomagalhaes.com.br\/wp-content\/uploads\/2023\/05\/E66D9B30-8F23-4A85-A8C2-A77FFD09FEF4.jpeg 1280w\" sizes=\"auto, (max-width: 1024px) 100vw, 1024px\" \/><figcaption class=\"wp-element-caption\">Fotos: Divulga\u00e7\u00e3o\/PRF<\/figcaption><\/figure>\n","protected":false},"excerpt":{"rendered":"<p>O sinistro ocorreu por volta das 15h30, desta segunda-feira (15), no Km 84,3 da BR 232, em Gravat\u00e1, no sentido&hellip;<\/p>\n","protected":false},"author":1,"featured_media":96195,"comment_status":"closed","ping_status":"open","sticky":false,"template":"","format":"standard","meta":{"footnotes":""},"categories":[14120],"tags":[14276,2,19532,3406,27549],"class_list":["post-96194","post","type-post","status-publish","format-standard","has-post-thumbnail","hentry","category-noticias","tag-acidente","tag-blog-do-edvaldo-magalhaes","tag-blog-mais-acessado-e-visualizado-de-caruaru-e-regiao","tag-caruaru","tag-motorista-morre-apos-carro-capotar-na-br-232"],"_links":{"self":[{"href":"https:\/\/blogdoedvaldomagalhaes.com.br\/index.php\/wp-json\/wp\/v2\/posts\/96194","targetHints":{"allow":["GET"]}}],"collection":[{"href":"https:\/\/blogdoedvaldomagalhaes.com.br\/index.php\/wp-json\/wp\/v2\/posts"}],"about":[{"href":"https:\/\/blogdoedvaldomagalhaes.com.br\/index.php\/wp-json\/wp\/v2\/types\/post"}],"author":[{"embeddable":true,"href":"https:\/\/blogdoedvaldomagalhaes.com.br\/index.php\/wp-json\/wp\/v2\/users\/1"}],"replies":[{"embeddable":true,"href":"https:\/\/blogdoedvaldomagalhaes.com.br\/index.php\/wp-json\/wp\/v2\/comments?post=96194"}],"version-history":[{"count":2,"href":"https:\/\/blogdoedvaldomagalhaes.com.br\/index.php\/wp-json\/wp\/v2\/posts\/96194\/revisions"}],"predecessor-version":[{"id":96198,"href":"https:\/\/blogdoedvaldomagalhaes.com.br\/index.php\/wp-json\/wp\/v2\/posts\/96194\/revisions\/96198"}],"wp:featuredmedia":[{"embeddable":true,"href":"https:\/\/blogdoedvaldomagalhaes.com.br\/index.php\/wp-json\/wp\/v2\/media\/96195"}],"wp:attachment":[{"href":"https:\/\/blogdoedvaldomagalhaes.com.br\/index.php\/wp-json\/wp\/v2\/media?parent=96194"}],"wp:term":[{"taxonomy":"category","embeddable":true,"href":"https:\/\/blogdoedvaldomagalhaes.com.br\/index.php\/wp-json\/wp\/v2\/categories?post=96194"},{"taxonomy":"post_tag","embeddable":true,"href":"https:\/\/blogdoedvaldomagalhaes.com.br\/index.php\/wp-json\/wp\/v2\/tags?post=96194"}],"curies":[{"name":"wp","href":"https:\/\/api.w.org\/{rel}","templated":true}]}}