{"id":96189,"date":"2023-05-15T19:26:51","date_gmt":"2023-05-15T22:26:51","guid":{"rendered":"https:\/\/blogdoedvaldomagalhaes.com.br\/?p=96189"},"modified":"2023-05-15T19:26:52","modified_gmt":"2023-05-15T22:26:52","slug":"prefeito-rodrigo-pinheiro-entrega-segunda-etapa-do-complexo-municipal-de-saude","status":"publish","type":"post","link":"https:\/\/blogdoedvaldomagalhaes.com.br\/index.php\/2023\/05\/15\/prefeito-rodrigo-pinheiro-entrega-segunda-etapa-do-complexo-municipal-de-saude\/","title":{"rendered":"Prefeito Rodrigo Pinheiro entrega segunda etapa do Complexo Municipal de Sa\u00fade"},"content":{"rendered":"<p style=\"text-align: justify;\"><span style=\"color: initial; font-size: revert;\">O prefeito de Caruaru, Rodrigo Pinheiro, inaugurou nesta segunda-feira (15), a segunda etapa do Complexo Municipal de Sa\u00fade Jacqueline Fernandes da Costa Silva. Localizado no bairro Nossa Senhora das Dores, regi\u00e3o central de Caruaru, o complexo agora passa a contar com os servi\u00e7os do Centro de Sa\u00fade Ana Rodrigues, Centro de Especialidades Odontol\u00f3gicas, Ger\u00eancia de Regula\u00e7\u00e3o, Avalia\u00e7\u00e3o e Controle e a Equipe de Aten\u00e7\u00e3o Prim\u00e1ria S\u00e3o Francisco III (EAP). Com a chegada dos novos servi\u00e7os, a previs\u00e3o \u00e9 realizar, no complexo, em torno de 600 atendimentos por dia, o que equivale a aproximadamente 12 mil atendimentos por m\u00eas.<\/span><\/p>\n<p style=\"text-align: justify;\">A nova estrutura vai contar com a colabora\u00e7\u00e3o de cerca de 200 servidores da sa\u00fade, entre eles, m\u00e9dicos, dentistas, enfermeiros, t\u00e9cnicos de enfermagem e agentes comunit\u00e1rios de sa\u00fade. A disposi\u00e7\u00e3o do espa\u00e7o foi pensada como forma de melhorar o acesso da popula\u00e7\u00e3o \u00e0 sa\u00fade e qualificar o acolhimento dos cidad\u00e3os caruaruenses com uma assist\u00eancia ampliada e diversificada em um \u00fanico local. Sendo assim, o Complexo Municipal contempla um conjunto de unidades, distribu\u00eddas entre servi\u00e7os da Rede de Aten\u00e7\u00e3o B\u00e1sica e da Rede de Aten\u00e7\u00e3o Especializada, localizado na Rua Djalma Dutra, s\/n\u00ba, no bairro Nossa Senhora das Dores (imedia\u00e7\u00f5es do Col\u00e9gio Sagrado Cora\u00e7\u00e3o).<\/p>\n<p style=\"text-align: justify;\">\u201cAl\u00e9m do maior conforto, uma melhor localiza\u00e7\u00e3o para os usu\u00e1rios, com boa parte das linhas de \u00f4nibus que circulam no munic\u00edpio passando na porta do complexo, o que vai agilizar o acesso deles aos servi\u00e7os\u201d, destacou o secret\u00e1rio de Sa\u00fade de Caruaru, George Veloso.<\/p>\n<p style=\"text-align: justify;\">O prefeito de Caruaru, Rodrigo Pinheiro, falou da import\u00e2ncia da chegada dos novos servi\u00e7os ao complexo, que ampliou a capacidade de atendimentos no local. \u201c\u00c9 importante essa entrega, pois ampliamos ainda mais a nossa oferta no complexo. A gente deixa a sa\u00fade da popula\u00e7\u00e3o em dia, com os servi\u00e7os em um \u00fanico espa\u00e7o, num local mais adequado, centralizado e moderno para esses atendimentos\u201d, enfatizou o prefeito de Caruaru, Rodrigo Pinheiro.<\/p>\n<p style=\"text-align: justify;\">No complexo j\u00e1 funcionavam os servi\u00e7os do AME Diagn\u00f3stico, Laborat\u00f3rio Central e Laborat\u00f3rio de Cito e Anatomopatologia \u2013 Lacian. Em breve, o espa\u00e7o ir\u00e1 receber os servi\u00e7os da Farm\u00e1cia Municipal, da Unidade de Aten\u00e7\u00e3o Psicossocial \u2013 UAP e do Centro de Sa\u00fade Am\u00e9lia de Pontes.<\/p>\n<p style=\"text-align: justify;\">A unidade recebeu o nome em homenagem \u00e0 agente comunit\u00e1ria de sa\u00fade, Jacqueline Fernandes da Costa Silva, que trabalhou no bairro Centen\u00e1rio e faleceu no dia 8 de junho de 2020, v\u00edtima da Covid-19. Essa tamb\u00e9m foi uma forma da Prefeitura de Caruaru homenagear os diversos profissionais de sa\u00fade que trabalharam na linha de frente nos momentos mais cr\u00edticos da pandemia.<\/p>\n<p style=\"text-align: justify;\">Al\u00e9m do prefeito de Caruaru, Rodrigo Pinheiro, e do Secret\u00e1rio de Sa\u00fade do munic\u00edpio, George Veloso, estiveram presentes no evento o Dr. Walter Sousa, ex vice-prefeito de Caruaru, que atualmente trabalha como cirurgi\u00e3o-dentista no munic\u00edpio, e tamb\u00e9m o senhor Jos\u00e9 Gomes da Silva, marido de Jacqueline Fernandes da Costa Silva, que d\u00e1 nome ao complexo. Os vereadores do munic\u00edpio Aline Nascimento (vice-presidente da c\u00e2mara), Lula Torres, Felipe Jos\u00e9, Irm\u00e3o Ronaldo, Cabo Cardoso, Maur\u00edcio Caruaru, Nelson Diniz, Val Lima, Mano do Som, Izaac da Sa\u00fade, se fizeram presentes, assim como servidores, secret\u00e1rios municipais e usu\u00e1rios.<\/p>\n<p style=\"text-align: justify;\">Novos servi\u00e7os do Complexo Municipal de Sa\u00fade:<\/p>\n<p style=\"text-align: justify;\"><strong>Centro de Especialidades Odontol\u00f3gicas<\/strong><br \/>\u00c9 respons\u00e1vel pela continuidade do atendimento realizado pela rede de Aten\u00e7\u00e3o Prim\u00e1ria, atrav\u00e9s das equipes de sa\u00fade bucal, com atendimento odontol\u00f3gico especializado e laborat\u00f3rio de pr\u00f3tese dent\u00e1ria. <br \/>Est\u00e1 preparado para oferecer \u00e0 popula\u00e7\u00e3o os servi\u00e7os de dent\u00edstica, odontopediatria, endodontia, periodontia, cirurgia bucomaxilofacial, radiologia odontol\u00f3gica, estomatologia, pr\u00f3tese dent\u00e1ria, atendimento de pacientes com necessidades especiais.<\/p>\n<p style=\"text-align: justify;\"><strong>Ger\u00eancia de Regula\u00e7\u00e3o Avalia\u00e7\u00e3o e Controle (GRAC)<\/strong><br \/>\u00c9 respons\u00e1vel por regular o acesso dos usu\u00e1rios do munic\u00edpio de Caruaru aos servi\u00e7os de sa\u00fade, referentes \u00e0s solicita\u00e7\u00f5es de consultas, exames e tratamentos ofertados pelas redes estadual, municipal e conveniada. Inclui os encaminhamentos para os atendimentos de oftalmologia (programa do glaucoma) e de pacientes para o Tratamento Fora do Domicilio &#8211; TFD.<\/p>\n<p style=\"text-align: justify;\"><strong>Centro de Sa\u00fade Ana Rodrigues<\/strong><br \/>\u00c9 um servi\u00e7o da Rede de Aten\u00e7\u00e3o B\u00e1sica de refer\u00eancia para o atendimento m\u00e9dico-ambulatorial, consultas de enfermagem, ambulat\u00f3rio de nutri\u00e7\u00e3o, exames de citologia, sala de vacina, sala de procedimentos, Centro Municipal de Testagem Covid-19.<\/p>\n<p style=\"text-align: justify;\">Siga o Instagram do Blog @blogdoedvaldomagalhaes<\/p>\n\n\n<figure class=\"wp-block-image size-full\"><img loading=\"lazy\" decoding=\"async\" width=\"799\" height=\"533\" src=\"https:\/\/blogdoedvaldomagalhaes.com.br\/wp-content\/uploads\/2023\/05\/IMG-20230515-WA0086.jpg\" alt=\"\" class=\"wp-image-96191\" srcset=\"https:\/\/blogdoedvaldomagalhaes.com.br\/wp-content\/uploads\/2023\/05\/IMG-20230515-WA0086.jpg 799w, https:\/\/blogdoedvaldomagalhaes.com.br\/wp-content\/uploads\/2023\/05\/IMG-20230515-WA0086-300x200.jpg 300w, https:\/\/blogdoedvaldomagalhaes.com.br\/wp-content\/uploads\/2023\/05\/IMG-20230515-WA0086-768x512.jpg 768w\" sizes=\"auto, (max-width: 799px) 100vw, 799px\" \/><figcaption class=\"wp-element-caption\">Fotos: Elvis Edson \/ SECOM \/ PMC<\/figcaption><\/figure>\n","protected":false},"excerpt":{"rendered":"<p>O prefeito de Caruaru, Rodrigo Pinheiro, inaugurou nesta segunda-feira (15), a segunda etapa do Complexo Municipal de Sa\u00fade Jacqueline Fernandes&hellip;<\/p>\n","protected":false},"author":1,"featured_media":96190,"comment_status":"closed","ping_status":"open","sticky":false,"template":"","format":"standard","meta":{"footnotes":""},"categories":[14122],"tags":[2,19532,3406,20,27548],"class_list":["post-96189","post","type-post","status-publish","format-standard","has-post-thumbnail","hentry","category-politica","tag-blog-do-edvaldo-magalhaes","tag-blog-mais-acessado-e-visualizado-de-caruaru-e-regiao","tag-caruaru","tag-politica","tag-prefeito-rodrigo-pinheiro-entrega-segunda-etapa-do-complexo-municipal-de-saude"],"_links":{"self":[{"href":"https:\/\/blogdoedvaldomagalhaes.com.br\/index.php\/wp-json\/wp\/v2\/posts\/96189","targetHints":{"allow":["GET"]}}],"collection":[{"href":"https:\/\/blogdoedvaldomagalhaes.com.br\/index.php\/wp-json\/wp\/v2\/posts"}],"about":[{"href":"https:\/\/blogdoedvaldomagalhaes.com.br\/index.php\/wp-json\/wp\/v2\/types\/post"}],"author":[{"embeddable":true,"href":"https:\/\/blogdoedvaldomagalhaes.com.br\/index.php\/wp-json\/wp\/v2\/users\/1"}],"replies":[{"embeddable":true,"href":"https:\/\/blogdoedvaldomagalhaes.com.br\/index.php\/wp-json\/wp\/v2\/comments?post=96189"}],"version-history":[{"count":1,"href":"https:\/\/blogdoedvaldomagalhaes.com.br\/index.php\/wp-json\/wp\/v2\/posts\/96189\/revisions"}],"predecessor-version":[{"id":96192,"href":"https:\/\/blogdoedvaldomagalhaes.com.br\/index.php\/wp-json\/wp\/v2\/posts\/96189\/revisions\/96192"}],"wp:featuredmedia":[{"embeddable":true,"href":"https:\/\/blogdoedvaldomagalhaes.com.br\/index.php\/wp-json\/wp\/v2\/media\/96190"}],"wp:attachment":[{"href":"https:\/\/blogdoedvaldomagalhaes.com.br\/index.php\/wp-json\/wp\/v2\/media?parent=96189"}],"wp:term":[{"taxonomy":"category","embeddable":true,"href":"https:\/\/blogdoedvaldomagalhaes.com.br\/index.php\/wp-json\/wp\/v2\/categories?post=96189"},{"taxonomy":"post_tag","embeddable":true,"href":"https:\/\/blogdoedvaldomagalhaes.com.br\/index.php\/wp-json\/wp\/v2\/tags?post=96189"}],"curies":[{"name":"wp","href":"https:\/\/api.w.org\/{rel}","templated":true}]}}