{"id":96186,"date":"2023-05-15T19:08:45","date_gmt":"2023-05-15T22:08:45","guid":{"rendered":"https:\/\/blogdoedvaldomagalhaes.com.br\/?p=96186"},"modified":"2023-05-15T19:08:46","modified_gmt":"2023-05-15T22:08:46","slug":"corpo-de-bombeiros-faz-vistoria-em-polos-do-sao-joao-de-caruaru","status":"publish","type":"post","link":"https:\/\/blogdoedvaldomagalhaes.com.br\/index.php\/2023\/05\/15\/corpo-de-bombeiros-faz-vistoria-em-polos-do-sao-joao-de-caruaru\/","title":{"rendered":"Corpo de Bombeiros faz vistoria em polos do S\u00e3o Jo\u00e3o de Caruaru"},"content":{"rendered":"<p style=\"text-align: justify;\"><span style=\"color: initial; font-size: revert;\">O prefeito de Caruaru, Rodrigo Pinheiro e membros do Comit\u00ea Gestor do S\u00e3o Jo\u00e3o,receberam, na manh\u00e3 desta segunda-feira (15), integrantes do Corpo de Bombeiros de Pernambuco para uma visita t\u00e9cnica nos espa\u00e7os que ir\u00e3o receber as estruturas para o S\u00e3o Jo\u00e3o 2023.<\/span><\/p>\n<p style=\"text-align: justify;\">Caruaru foi a primeira cidade a receber a equipe, uma vez que, seu calend\u00e1rio foi divulgado previamente, al\u00e9m do prefeito Rodrigo Pinheiro ter sido o primeiro prefeito a visitar a corpora\u00e7\u00e3o para tratar do S\u00e3o Jo\u00e3o 2023 em Pernambuco. Aberto oficialmente no fim do m\u00eas de abril, o S\u00e3o Jo\u00e3o deste ano conta com 25 polos de anima\u00e7\u00e3o, espalhados por \u00e1reas da zona urbana e rural da cidade. Polos como Luiz Gonzaga, Alto do Moura e Esta\u00e7\u00e3o Ferrovi\u00e1ria j\u00e1 est\u00e3o com suas estruturas sendo montadas. A montagem est\u00e1 em andamento e j\u00e1 \u00e9 poss\u00edvel notar os espa\u00e7os tomando forma.<\/p>\n<p style=\"text-align: justify;\">\u201cMuito bom saber que Caruaru \u00e9 a primeira cidade a receber a equipe do Corpo de Bombeiros. J\u00e1 demos in\u00edcio a toda parte estrutural dos grandes polos que comp\u00f5em a Maior e Melhor festa de S\u00e3o Jo\u00e3o do Mundo e, em breve tudo estar\u00e1 pronto, vistoriado e dentro do prazo, para assim, abrilhantarmos ainda mais os festejos juninos de Caruaru, principalmente com mais seguran\u00e7a\u201d, afirmou o prefeito Rodrigo Pinheiro.<\/p>\n<p style=\"text-align: justify;\">Foto: Divulga\u00e7\u00e3o\/SECOM.<\/p>\n<p style=\"text-align: justify;\">Siga o Instagram do Blog @blogdoedvaldomagalhaes<\/p>\n","protected":false},"excerpt":{"rendered":"<p>O prefeito de Caruaru, Rodrigo Pinheiro e membros do Comit\u00ea Gestor do S\u00e3o Jo\u00e3o,receberam, na manh\u00e3 desta segunda-feira (15), integrantes&hellip;<\/p>\n","protected":false},"author":1,"featured_media":96187,"comment_status":"closed","ping_status":"open","sticky":false,"template":"","format":"standard","meta":{"footnotes":""},"categories":[14120],"tags":[2,19532,3406,27547],"class_list":["post-96186","post","type-post","status-publish","format-standard","has-post-thumbnail","hentry","category-noticias","tag-blog-do-edvaldo-magalhaes","tag-blog-mais-acessado-e-visualizado-de-caruaru-e-regiao","tag-caruaru","tag-corpo-de-bombeiros-faz-vistoria-em-polos-do-sao-joao-de-caruaru"],"_links":{"self":[{"href":"https:\/\/blogdoedvaldomagalhaes.com.br\/index.php\/wp-json\/wp\/v2\/posts\/96186","targetHints":{"allow":["GET"]}}],"collection":[{"href":"https:\/\/blogdoedvaldomagalhaes.com.br\/index.php\/wp-json\/wp\/v2\/posts"}],"about":[{"href":"https:\/\/blogdoedvaldomagalhaes.com.br\/index.php\/wp-json\/wp\/v2\/types\/post"}],"author":[{"embeddable":true,"href":"https:\/\/blogdoedvaldomagalhaes.com.br\/index.php\/wp-json\/wp\/v2\/users\/1"}],"replies":[{"embeddable":true,"href":"https:\/\/blogdoedvaldomagalhaes.com.br\/index.php\/wp-json\/wp\/v2\/comments?post=96186"}],"version-history":[{"count":1,"href":"https:\/\/blogdoedvaldomagalhaes.com.br\/index.php\/wp-json\/wp\/v2\/posts\/96186\/revisions"}],"predecessor-version":[{"id":96188,"href":"https:\/\/blogdoedvaldomagalhaes.com.br\/index.php\/wp-json\/wp\/v2\/posts\/96186\/revisions\/96188"}],"wp:featuredmedia":[{"embeddable":true,"href":"https:\/\/blogdoedvaldomagalhaes.com.br\/index.php\/wp-json\/wp\/v2\/media\/96187"}],"wp:attachment":[{"href":"https:\/\/blogdoedvaldomagalhaes.com.br\/index.php\/wp-json\/wp\/v2\/media?parent=96186"}],"wp:term":[{"taxonomy":"category","embeddable":true,"href":"https:\/\/blogdoedvaldomagalhaes.com.br\/index.php\/wp-json\/wp\/v2\/categories?post=96186"},{"taxonomy":"post_tag","embeddable":true,"href":"https:\/\/blogdoedvaldomagalhaes.com.br\/index.php\/wp-json\/wp\/v2\/tags?post=96186"}],"curies":[{"name":"wp","href":"https:\/\/api.w.org\/{rel}","templated":true}]}}