{"id":96179,"date":"2023-05-15T16:26:29","date_gmt":"2023-05-15T19:26:29","guid":{"rendered":"https:\/\/blogdoedvaldomagalhaes.com.br\/?p=96179"},"modified":"2023-05-15T16:31:05","modified_gmt":"2023-05-15T19:31:05","slug":"metade-dos-casos-de-cegueira-no-mundo-e-causado-pela-catarata","status":"publish","type":"post","link":"https:\/\/blogdoedvaldomagalhaes.com.br\/index.php\/2023\/05\/15\/metade-dos-casos-de-cegueira-no-mundo-e-causado-pela-catarata\/","title":{"rendered":"Metade dos casos de cegueira no mundo \u00e9 causado pela catarata"},"content":{"rendered":"<p style=\"text-align: justify;\"><span class=\"s3\" style=\"font-size: revert;\"><span class=\"bumpedFont15\">Um a cada dois<\/span><\/span><span class=\"s4\" style=\"font-size: revert;\"><span class=\"bumpedFont15\"> casos de cegueira no mundo <\/span><\/span><span class=\"s3\" style=\"font-size: revert;\"><span class=\"bumpedFont15\">s\u00e3o <\/span><\/span><span class=\"s4\" style=\"font-size: revert;\"><span class=\"bumpedFont15\">causad<\/span><\/span><span class=\"s3\" style=\"font-size: revert;\"><span class=\"bumpedFont15\">os <\/span><\/span><span class=\"s4\" style=\"font-size: revert;\"><span class=\"bumpedFont15\">pela catarata. Ao todo, esse n\u00famero chega a 20 milh\u00f5es, segundo a Organiza\u00e7\u00e3o Mundial da Sa\u00fade<\/span><\/span><span class=\"s4\" style=\"font-size: revert;\"><span class=\"bumpedFont15\">. <\/span><\/span><span class=\"s4\" style=\"font-size: revert;\"><span class=\"bumpedFont15\">A catarata \u00e9 a maior causa de cegueira revers\u00edvel no mundo e \u00e9 uma das doen\u00e7as oculares mais comuns, em especia<\/span><\/span><span class=\"s4\" style=\"font-size: revert;\"><span class=\"bumpedFont15\">l nas pessoas acima dos 50 anos, embora tamb\u00e9m atinja pacientes mais jovens.<\/span><\/span><\/p>\n<p style=\"text-align: justify;\"><span class=\"s4\"><span class=\"bumpedFont15\">\u201cA catarata \u00e9 uma doen\u00e7a que ocorre quando a lente natural do nosso olho passa a perder transpar\u00eancia. Ela vai progredindo com o passar do tempo<\/span><\/span><span class=\"s4\"><span class=\"bumpedFont15\"> e afetando cada vez mais a vis\u00e3o\u201d, alerta a oftalmologista Bruna Ventura, do HOPE, hospital que integra a rede Vision <\/span><\/span><span class=\"s4\"><span class=\"bumpedFont15\">One<\/span><\/span><span class=\"s4\"><span class=\"bumpedFont15\">.<\/span><\/span><\/p>\n<p style=\"text-align: justify;\"><span class=\"s4\"><span class=\"bumpedFont15\">De acordo com o IBGE, 38,6% das mulheres acima dos 60 anos sofrem com a doen\u00e7a, enquanto nos homens esse n\u00famero \u00e9 de 29,4%. Ainda de acordo com o \u00f3rg\u00e3o, cerca de 30% dos brasileiros acima dos 60 anos sofrem com a doen\u00e7a. Pessoas de 65 a 74 anos s\u00e3o 33,9% e maiores de 75 anos registram 55,5% dos afetados pela catarata.<\/span><\/span><\/p>\n<p style=\"text-align: justify;\"><span class=\"s4\"><span class=\"bumpedFont15\">Entretanto, \u00e9 poss\u00edvel desenvolver a doen\u00e7a por outras raz\u00f5es. \u201cApesar da maioria dos casos ser em pacientes acima dos 50 anos, tamb\u00e9m ocorrem em outras idades. Beb\u00eas podem j\u00e1 nascer com catarata, ou uma crian\u00e7a desenvolver a doen\u00e7a na inf\u00e2ncia. Se voc\u00ea se automedica com corticoides, tamb\u00e9m pode desenvolver catarata, ou ap\u00f3s uma pancada no rosto ou no olho, por exemplo. Da\u00ed a import\u00e2ncia de manter uma rotina de idas ao oftalmologista ao longo da vida, mesmo que o paciente n\u00e3o esteja sentido nada\u201d, diz a oftalmologista Bruna Ventura.<\/span><\/span><\/p>\n<p style=\"text-align: justify;\"><span class=\"s4\"><span class=\"bumpedFont15\">Al\u00e9m da vis\u00e3o emba\u00e7ada, os principais sintomas da catarata incluem <\/span><\/span><span class=\"s4\"><span class=\"bumpedFont15\">piora da <\/span><\/span><a name=\"_GoBack\"><\/a><span class=\"s4\"><span class=\"bumpedFont15\">sensibilidade \u00e0 luz solar, l\u00e2mpadas ou far\u00f3is; ver um halo ao redor das luzes do farol, especialmente quando voc\u00ea dirige \u00e0 noite; dificuldade em enxergar \u00e0 noite e mudan\u00e7as na maneira como se enxergam as cores.<\/span><\/span><\/p>\n<p style=\"text-align: justify;\"><span class=\"s4\"><span class=\"bumpedFont15\">O tratamento \u00e9 um s\u00f3: cirurgia. A oftalmologista Bruna Ventura explica que apesar de alguns pacientes sentirem apreens\u00e3o com a possibilidade de operar o olho, o procedimento \u00e9 bastante seguro. \u201cA partir do momento que o m\u00e9dico identifica que a catarata est\u00e1 atrapalhando a vis\u00e3o do paciente, o tratamento \u00e9 cir\u00fargico. \u00c9 uma cirurgia indolor, r\u00e1pida e com \u00f3tima recupera\u00e7\u00e3o. O paciente \u00e9 operado e vai para casa no mesmo dia\u201d, afirma a especialista do HOPE<\/span><\/span><\/p>\n\n\n<figure class=\"wp-block-image size-large\"><img loading=\"lazy\" decoding=\"async\" width=\"683\" height=\"1024\" src=\"https:\/\/blogdoedvaldomagalhaes.com.br\/wp-content\/uploads\/2023\/05\/7DA5D38A-1BAD-48ED-8325-44F037481C44-683x1024.jpeg\" alt=\"\" class=\"wp-image-96182\" srcset=\"https:\/\/blogdoedvaldomagalhaes.com.br\/wp-content\/uploads\/2023\/05\/7DA5D38A-1BAD-48ED-8325-44F037481C44-683x1024.jpeg 683w, https:\/\/blogdoedvaldomagalhaes.com.br\/wp-content\/uploads\/2023\/05\/7DA5D38A-1BAD-48ED-8325-44F037481C44-200x300.jpeg 200w, https:\/\/blogdoedvaldomagalhaes.com.br\/wp-content\/uploads\/2023\/05\/7DA5D38A-1BAD-48ED-8325-44F037481C44-768x1152.jpeg 768w, https:\/\/blogdoedvaldomagalhaes.com.br\/wp-content\/uploads\/2023\/05\/7DA5D38A-1BAD-48ED-8325-44F037481C44-1024x1536.jpeg 1024w, https:\/\/blogdoedvaldomagalhaes.com.br\/wp-content\/uploads\/2023\/05\/7DA5D38A-1BAD-48ED-8325-44F037481C44.jpeg 1067w\" sizes=\"auto, (max-width: 683px) 100vw, 683px\" \/><figcaption class=\"wp-element-caption\">Oftalmologista  Bruna  Ventura <\/figcaption><\/figure>\n","protected":false},"excerpt":{"rendered":"<p>Um a cada dois casos de cegueira no mundo s\u00e3o causados pela catarata. Ao todo, esse n\u00famero chega a 20&hellip;<\/p>\n","protected":false},"author":1,"featured_media":96180,"comment_status":"closed","ping_status":"open","sticky":false,"template":"","format":"standard","meta":{"footnotes":""},"categories":[14120],"tags":[2,19532,3406,27546],"class_list":["post-96179","post","type-post","status-publish","format-standard","has-post-thumbnail","hentry","category-noticias","tag-blog-do-edvaldo-magalhaes","tag-blog-mais-acessado-e-visualizado-de-caruaru-e-regiao","tag-caruaru","tag-metade-dos-casos-de-cegueira-no-mundo-e-causado-pela-catarata"],"_links":{"self":[{"href":"https:\/\/blogdoedvaldomagalhaes.com.br\/index.php\/wp-json\/wp\/v2\/posts\/96179","targetHints":{"allow":["GET"]}}],"collection":[{"href":"https:\/\/blogdoedvaldomagalhaes.com.br\/index.php\/wp-json\/wp\/v2\/posts"}],"about":[{"href":"https:\/\/blogdoedvaldomagalhaes.com.br\/index.php\/wp-json\/wp\/v2\/types\/post"}],"author":[{"embeddable":true,"href":"https:\/\/blogdoedvaldomagalhaes.com.br\/index.php\/wp-json\/wp\/v2\/users\/1"}],"replies":[{"embeddable":true,"href":"https:\/\/blogdoedvaldomagalhaes.com.br\/index.php\/wp-json\/wp\/v2\/comments?post=96179"}],"version-history":[{"count":3,"href":"https:\/\/blogdoedvaldomagalhaes.com.br\/index.php\/wp-json\/wp\/v2\/posts\/96179\/revisions"}],"predecessor-version":[{"id":96185,"href":"https:\/\/blogdoedvaldomagalhaes.com.br\/index.php\/wp-json\/wp\/v2\/posts\/96179\/revisions\/96185"}],"wp:featuredmedia":[{"embeddable":true,"href":"https:\/\/blogdoedvaldomagalhaes.com.br\/index.php\/wp-json\/wp\/v2\/media\/96180"}],"wp:attachment":[{"href":"https:\/\/blogdoedvaldomagalhaes.com.br\/index.php\/wp-json\/wp\/v2\/media?parent=96179"}],"wp:term":[{"taxonomy":"category","embeddable":true,"href":"https:\/\/blogdoedvaldomagalhaes.com.br\/index.php\/wp-json\/wp\/v2\/categories?post=96179"},{"taxonomy":"post_tag","embeddable":true,"href":"https:\/\/blogdoedvaldomagalhaes.com.br\/index.php\/wp-json\/wp\/v2\/tags?post=96179"}],"curies":[{"name":"wp","href":"https:\/\/api.w.org\/{rel}","templated":true}]}}