{"id":96176,"date":"2023-05-15T12:41:37","date_gmt":"2023-05-15T15:41:37","guid":{"rendered":"https:\/\/blogdoedvaldomagalhaes.com.br\/?p=96176"},"modified":"2023-05-15T19:19:48","modified_gmt":"2023-05-15T22:19:48","slug":"homem-e-presopor-furto-de-fios","status":"publish","type":"post","link":"https:\/\/blogdoedvaldomagalhaes.com.br\/index.php\/2023\/05\/15\/homem-e-presopor-furto-de-fios\/","title":{"rendered":"Homem \u00e9 preso<br>por furto de fios"},"content":{"rendered":"<p style=\"text-align: justify;\"><span style=\"color: initial; font-size: revert;\">No in\u00edcio da madrugada desta segunda-feira (15\/05), policiais militares do Regimento de Pol\u00edcia Montada (RPMon) realizavam rondas no bairro de San Martin, no Recife, quando foram acionados por populares sobre dois homens furtando fios de telefonia na Rua Maues. Foi feita a checagem e constatada a veracidade da den\u00fancia.<\/span><\/p>\n<p style=\"text-align: justify;\">Ao chegar no local, o efetivo flagrou a dupla na pr\u00e1tica do delito, mas um deles conseguiu escapar. O outro foi detido e, com ele, apreendidos dez metros de fio e uma faca. Diante dos fatos, o envolvido foi apresentado na Central de Plant\u00f5es da Capital, onde foi lavrada a pris\u00e3o em flagrante. Foto: Divulga\u00e7\u00e3o\/PMPE.<\/p>\n<p style=\"text-align: justify;\">Siga o Instagram do Blog @blogdoedvaldomagalhaes<\/p>\n","protected":false},"excerpt":{"rendered":"<p>No in\u00edcio da madrugada desta segunda-feira (15\/05), policiais militares do Regimento de Pol\u00edcia Montada (RPMon) realizavam rondas no bairro de&hellip;<\/p>\n","protected":false},"author":1,"featured_media":96177,"comment_status":"closed","ping_status":"open","sticky":false,"template":"","format":"standard","meta":{"footnotes":""},"categories":[14121],"tags":[2,19532,3406,27545],"class_list":["post-96176","post","type-post","status-publish","format-standard","has-post-thumbnail","hentry","category-policial","tag-blog-do-edvaldo-magalhaes","tag-blog-mais-acessado-e-visualizado-de-caruaru-e-regiao","tag-caruaru","tag-homem-e-preso-por-furto-de-fios"],"_links":{"self":[{"href":"https:\/\/blogdoedvaldomagalhaes.com.br\/index.php\/wp-json\/wp\/v2\/posts\/96176","targetHints":{"allow":["GET"]}}],"collection":[{"href":"https:\/\/blogdoedvaldomagalhaes.com.br\/index.php\/wp-json\/wp\/v2\/posts"}],"about":[{"href":"https:\/\/blogdoedvaldomagalhaes.com.br\/index.php\/wp-json\/wp\/v2\/types\/post"}],"author":[{"embeddable":true,"href":"https:\/\/blogdoedvaldomagalhaes.com.br\/index.php\/wp-json\/wp\/v2\/users\/1"}],"replies":[{"embeddable":true,"href":"https:\/\/blogdoedvaldomagalhaes.com.br\/index.php\/wp-json\/wp\/v2\/comments?post=96176"}],"version-history":[{"count":1,"href":"https:\/\/blogdoedvaldomagalhaes.com.br\/index.php\/wp-json\/wp\/v2\/posts\/96176\/revisions"}],"predecessor-version":[{"id":96178,"href":"https:\/\/blogdoedvaldomagalhaes.com.br\/index.php\/wp-json\/wp\/v2\/posts\/96176\/revisions\/96178"}],"wp:featuredmedia":[{"embeddable":true,"href":"https:\/\/blogdoedvaldomagalhaes.com.br\/index.php\/wp-json\/wp\/v2\/media\/96177"}],"wp:attachment":[{"href":"https:\/\/blogdoedvaldomagalhaes.com.br\/index.php\/wp-json\/wp\/v2\/media?parent=96176"}],"wp:term":[{"taxonomy":"category","embeddable":true,"href":"https:\/\/blogdoedvaldomagalhaes.com.br\/index.php\/wp-json\/wp\/v2\/categories?post=96176"},{"taxonomy":"post_tag","embeddable":true,"href":"https:\/\/blogdoedvaldomagalhaes.com.br\/index.php\/wp-json\/wp\/v2\/tags?post=96176"}],"curies":[{"name":"wp","href":"https:\/\/api.w.org\/{rel}","templated":true}]}}