{"id":96173,"date":"2023-05-15T09:02:09","date_gmt":"2023-05-15T12:02:09","guid":{"rendered":"https:\/\/blogdoedvaldomagalhaes.com.br\/?p=96173"},"modified":"2023-05-15T09:02:10","modified_gmt":"2023-05-15T12:02:10","slug":"foragido-da-justica-por-tentativa-de-homicidio-e-organizacao-criminosa-e-preso","status":"publish","type":"post","link":"https:\/\/blogdoedvaldomagalhaes.com.br\/index.php\/2023\/05\/15\/foragido-da-justica-por-tentativa-de-homicidio-e-organizacao-criminosa-e-preso\/","title":{"rendered":"Foragido da Justi\u00e7a por tentativa de homic\u00eddio e organiza\u00e7\u00e3o criminosa \u00e9 preso"},"content":{"rendered":"<p style=\"text-align: justify;\"><span style=\"color: initial; font-size: revert;\">Policiais militares do 25\u00ba BPM prenderam, na madrugada desta segunda-feira (15\/05), um suspeito de alta periculosidade, com mandado de pris\u00e3o em aberto por tentativa de homic\u00eddio, organiza\u00e7\u00e3o criminosa e outros crimes. Uma equipe do Batalh\u00e3o foi informada que ele estava circulando armado pelo bairro de Socorro, em Jaboat\u00e3o dos Guararapes, e conseguiu localiz\u00e1-lo na Avenida General Manoel Rabelo.<\/span><\/p>\n<p style=\"text-align: justify;\">A realizar a abordagem foi localizada com ele uma pistola calibre .380 com numera\u00e7\u00e3o ileg\u00edvel, dois carregadores e 26 muni\u00e7\u00f5es intactas. Com o envolvido, que costuma se esconder nas comunidades do Caique e dos Milagres, ainda foram apreendidos dois celulares, sendo um deles com queixa de roubo.<\/p>\n<p style=\"text-align: justify;\">O suspeito foi apresentado na Delegacia de Prazeres, para a tomada das provid\u00eancias legais. Foto: Divulga\u00e7\u00e3o.<\/p>\n<p style=\"text-align: justify;\">Siga o Instagram do Blog @blogdoedvaldomagalhaes<\/p>\n","protected":false},"excerpt":{"rendered":"<p>Policiais militares do 25\u00ba BPM prenderam, na madrugada desta segunda-feira (15\/05), um suspeito de alta periculosidade, com mandado de pris\u00e3o&hellip;<\/p>\n","protected":false},"author":1,"featured_media":96174,"comment_status":"closed","ping_status":"open","sticky":false,"template":"","format":"standard","meta":{"footnotes":""},"categories":[14121],"tags":[2,19532,3406,27544],"class_list":["post-96173","post","type-post","status-publish","format-standard","has-post-thumbnail","hentry","category-policial","tag-blog-do-edvaldo-magalhaes","tag-blog-mais-acessado-e-visualizado-de-caruaru-e-regiao","tag-caruaru","tag-foragido-da-justica-por-tentativa-de-homicidio-e-organizacao-criminosa-e-preso"],"_links":{"self":[{"href":"https:\/\/blogdoedvaldomagalhaes.com.br\/index.php\/wp-json\/wp\/v2\/posts\/96173","targetHints":{"allow":["GET"]}}],"collection":[{"href":"https:\/\/blogdoedvaldomagalhaes.com.br\/index.php\/wp-json\/wp\/v2\/posts"}],"about":[{"href":"https:\/\/blogdoedvaldomagalhaes.com.br\/index.php\/wp-json\/wp\/v2\/types\/post"}],"author":[{"embeddable":true,"href":"https:\/\/blogdoedvaldomagalhaes.com.br\/index.php\/wp-json\/wp\/v2\/users\/1"}],"replies":[{"embeddable":true,"href":"https:\/\/blogdoedvaldomagalhaes.com.br\/index.php\/wp-json\/wp\/v2\/comments?post=96173"}],"version-history":[{"count":1,"href":"https:\/\/blogdoedvaldomagalhaes.com.br\/index.php\/wp-json\/wp\/v2\/posts\/96173\/revisions"}],"predecessor-version":[{"id":96175,"href":"https:\/\/blogdoedvaldomagalhaes.com.br\/index.php\/wp-json\/wp\/v2\/posts\/96173\/revisions\/96175"}],"wp:featuredmedia":[{"embeddable":true,"href":"https:\/\/blogdoedvaldomagalhaes.com.br\/index.php\/wp-json\/wp\/v2\/media\/96174"}],"wp:attachment":[{"href":"https:\/\/blogdoedvaldomagalhaes.com.br\/index.php\/wp-json\/wp\/v2\/media?parent=96173"}],"wp:term":[{"taxonomy":"category","embeddable":true,"href":"https:\/\/blogdoedvaldomagalhaes.com.br\/index.php\/wp-json\/wp\/v2\/categories?post=96173"},{"taxonomy":"post_tag","embeddable":true,"href":"https:\/\/blogdoedvaldomagalhaes.com.br\/index.php\/wp-json\/wp\/v2\/tags?post=96173"}],"curies":[{"name":"wp","href":"https:\/\/api.w.org\/{rel}","templated":true}]}}