{"id":96169,"date":"2023-05-15T08:03:56","date_gmt":"2023-05-15T11:03:56","guid":{"rendered":"https:\/\/blogdoedvaldomagalhaes.com.br\/?p=96169"},"modified":"2023-05-15T08:03:57","modified_gmt":"2023-05-15T11:03:57","slug":"acao-conjunta-da-guarda-municipal-de-caruaru-e-policia-militar-recupera-caixa-de-som-furtada","status":"publish","type":"post","link":"https:\/\/blogdoedvaldomagalhaes.com.br\/index.php\/2023\/05\/15\/acao-conjunta-da-guarda-municipal-de-caruaru-e-policia-militar-recupera-caixa-de-som-furtada\/","title":{"rendered":"A\u00e7\u00e3o conjunta da Guarda Municipal de Caruaru e Pol\u00edcia Militar recupera caixa de som furtada"},"content":{"rendered":"<p style=\"text-align: justify;\"><span style=\"color: initial; font-size: revert;\">Na tarde desse s\u00e1bado (13), a Guarda Municipal de Caruaru (GM), estava realizando rondas pelo bairro Maur\u00edcio de Nassau, quando recebeu a informa\u00e7\u00e3o que um homem havia furtado uma caixa de som e estaria na Esta\u00e7\u00e3o Ferrovi\u00e1ria, com o objeto.<\/span><\/p>\n<p style=\"text-align: justify;\">A GM seguiu para o local e abordou o suspeito, constatando a veracidade do fato, a v\u00edtima compareceu e reconheceu a caixa de som.<\/p>\n<p style=\"text-align: justify;\">Uma guarni\u00e7\u00e3o da PM seguiu em apoio e conduziu o suspeito, a v\u00edtima e o produto do crime at\u00e9 \u00e0 Delegacia de Plant\u00e3o.<\/p>\n<p style=\"text-align: justify;\">Siga o Instagram do Blog @blogdoedvaldomagalhaes<\/p>\n\n\n<figure class=\"wp-block-image size-large\"><img loading=\"lazy\" decoding=\"async\" width=\"575\" height=\"1024\" src=\"https:\/\/blogdoedvaldomagalhaes.com.br\/wp-content\/uploads\/2023\/05\/IMG-20230515-WA0007-575x1024.jpg\" alt=\"\" class=\"wp-image-96171\" srcset=\"https:\/\/blogdoedvaldomagalhaes.com.br\/wp-content\/uploads\/2023\/05\/IMG-20230515-WA0007-575x1024.jpg 575w, https:\/\/blogdoedvaldomagalhaes.com.br\/wp-content\/uploads\/2023\/05\/IMG-20230515-WA0007-169x300.jpg 169w, https:\/\/blogdoedvaldomagalhaes.com.br\/wp-content\/uploads\/2023\/05\/IMG-20230515-WA0007-768x1367.jpg 768w, https:\/\/blogdoedvaldomagalhaes.com.br\/wp-content\/uploads\/2023\/05\/IMG-20230515-WA0007-863x1536.jpg 863w, https:\/\/blogdoedvaldomagalhaes.com.br\/wp-content\/uploads\/2023\/05\/IMG-20230515-WA0007.jpg 899w\" sizes=\"auto, (max-width: 575px) 100vw, 575px\" \/><figcaption class=\"wp-element-caption\">Fotos: Divulga\u00e7\u00e3o<\/figcaption><\/figure>\n","protected":false},"excerpt":{"rendered":"<p>Na tarde desse s\u00e1bado (13), a Guarda Municipal de Caruaru (GM), estava realizando rondas pelo bairro Maur\u00edcio de Nassau, quando&hellip;<\/p>\n","protected":false},"author":1,"featured_media":96170,"comment_status":"closed","ping_status":"open","sticky":false,"template":"","format":"standard","meta":{"footnotes":""},"categories":[14121],"tags":[27543,2,19532,3406],"class_list":["post-96169","post","type-post","status-publish","format-standard","has-post-thumbnail","hentry","category-policial","tag-acao-conjunta-da-guarda-municipal-de-caruaru-e-policia-militar-recupera-caixa-de-som-furtada","tag-blog-do-edvaldo-magalhaes","tag-blog-mais-acessado-e-visualizado-de-caruaru-e-regiao","tag-caruaru"],"_links":{"self":[{"href":"https:\/\/blogdoedvaldomagalhaes.com.br\/index.php\/wp-json\/wp\/v2\/posts\/96169","targetHints":{"allow":["GET"]}}],"collection":[{"href":"https:\/\/blogdoedvaldomagalhaes.com.br\/index.php\/wp-json\/wp\/v2\/posts"}],"about":[{"href":"https:\/\/blogdoedvaldomagalhaes.com.br\/index.php\/wp-json\/wp\/v2\/types\/post"}],"author":[{"embeddable":true,"href":"https:\/\/blogdoedvaldomagalhaes.com.br\/index.php\/wp-json\/wp\/v2\/users\/1"}],"replies":[{"embeddable":true,"href":"https:\/\/blogdoedvaldomagalhaes.com.br\/index.php\/wp-json\/wp\/v2\/comments?post=96169"}],"version-history":[{"count":1,"href":"https:\/\/blogdoedvaldomagalhaes.com.br\/index.php\/wp-json\/wp\/v2\/posts\/96169\/revisions"}],"predecessor-version":[{"id":96172,"href":"https:\/\/blogdoedvaldomagalhaes.com.br\/index.php\/wp-json\/wp\/v2\/posts\/96169\/revisions\/96172"}],"wp:featuredmedia":[{"embeddable":true,"href":"https:\/\/blogdoedvaldomagalhaes.com.br\/index.php\/wp-json\/wp\/v2\/media\/96170"}],"wp:attachment":[{"href":"https:\/\/blogdoedvaldomagalhaes.com.br\/index.php\/wp-json\/wp\/v2\/media?parent=96169"}],"wp:term":[{"taxonomy":"category","embeddable":true,"href":"https:\/\/blogdoedvaldomagalhaes.com.br\/index.php\/wp-json\/wp\/v2\/categories?post=96169"},{"taxonomy":"post_tag","embeddable":true,"href":"https:\/\/blogdoedvaldomagalhaes.com.br\/index.php\/wp-json\/wp\/v2\/tags?post=96169"}],"curies":[{"name":"wp","href":"https:\/\/api.w.org\/{rel}","templated":true}]}}