{"id":96121,"date":"2023-05-13T13:23:33","date_gmt":"2023-05-13T16:23:33","guid":{"rendered":"https:\/\/blogdoedvaldomagalhaes.com.br\/?p=96121"},"modified":"2023-05-13T13:23:34","modified_gmt":"2023-05-13T16:23:34","slug":"prefeitura-de-caruaru-levara-filhos-de-reeducandas-de-buique-para-visitas-no-dia-das-maes","status":"publish","type":"post","link":"https:\/\/blogdoedvaldomagalhaes.com.br\/index.php\/2023\/05\/13\/prefeitura-de-caruaru-levara-filhos-de-reeducandas-de-buique-para-visitas-no-dia-das-maes\/","title":{"rendered":"Prefeitura de Caruaru levar\u00e1 filhos de reeducandas de Bu\u00edque para visitas no Dia das M\u00e3es"},"content":{"rendered":"<p style=\"text-align: justify;\"><span style=\"color: initial; font-size: revert;\">O Dia das M\u00e3es das caruaruenses reeducandas da Col\u00f4nia Penal Feminina de Bu\u00edque, no sert\u00e3o do Estado, ser\u00e1 especial. A Prefeitura de Caruaru, por meio da Secretaria de Pol\u00edticas para Mulheres (SPM), estar\u00e1 realizando, no domingo (14), mais uma viagem do projeto \u201cEstreitando La\u00e7os\u201d, que leva familiares dessas reeducandas, em especial os filhos, para visitas. A sa\u00edda est\u00e1 programada para \u00e0s 7h, com retorno \u00e0s 17h.<\/span><\/p>\n<p style=\"text-align: justify;\"><strong>\u201cEstreitando La\u00e7os\u201d<\/strong><\/p>\n<p style=\"text-align: justify;\">O projeto Estreitando La\u00e7os, criado pela Prefeitura de Caruaru, por meio da SPM, visa promover visitas \u00e0s mulheres que est\u00e3o reclusas na Col\u00f4nia Penal Feminina de Bu\u00edque. Essas viagens s\u00e3o organizadas pela SPM, com transporte disponibilizado pela Secretaria de Educa\u00e7\u00e3o e Esportes (Seduc), para levar as fam\u00edlias em vulnerabilidade social (sem condi\u00e7\u00f5es financeiras) para a realiza\u00e7\u00e3o de visitas \u00e0s reeducandas. O projeto conta tamb\u00e9m com a Secretaria de Desenvolvimento Social e Direitos Humanos (SDSDH), que disponibiliza lanches ao longo da viagem.<\/p>\n<p style=\"text-align: justify;\">Os interessados em fazer parte do Estreitando La\u00e7os devem ir \u00e0 SPM, munidos de documenta\u00e7\u00e3o: RG, CPF, comprovante de resid\u00eancia e de um n\u00famero de WhatsApp, para ser inserido no grupo do projeto. A SPM fica na rua dos Expedicion\u00e1rios, 30, centro de Caruaru.<\/p>\n<p style=\"text-align: justify;\">Outras informa\u00e7\u00f5es: (81) 9.8384-2954.<\/p>\n","protected":false},"excerpt":{"rendered":"<p>O Dia das M\u00e3es das caruaruenses reeducandas da Col\u00f4nia Penal Feminina de Bu\u00edque, no sert\u00e3o do Estado, ser\u00e1 especial. A&hellip;<\/p>\n","protected":false},"author":1,"featured_media":96122,"comment_status":"closed","ping_status":"open","sticky":false,"template":"","format":"standard","meta":{"footnotes":""},"categories":[14120],"tags":[2,19532,3406,27530],"class_list":["post-96121","post","type-post","status-publish","format-standard","has-post-thumbnail","hentry","category-noticias","tag-blog-do-edvaldo-magalhaes","tag-blog-mais-acessado-e-visualizado-de-caruaru-e-regiao","tag-caruaru","tag-prefeitura-de-caruaru-levara-filhos-de-reeducandas-de-buique-para-visitas-no-dia-das-maes"],"_links":{"self":[{"href":"https:\/\/blogdoedvaldomagalhaes.com.br\/index.php\/wp-json\/wp\/v2\/posts\/96121","targetHints":{"allow":["GET"]}}],"collection":[{"href":"https:\/\/blogdoedvaldomagalhaes.com.br\/index.php\/wp-json\/wp\/v2\/posts"}],"about":[{"href":"https:\/\/blogdoedvaldomagalhaes.com.br\/index.php\/wp-json\/wp\/v2\/types\/post"}],"author":[{"embeddable":true,"href":"https:\/\/blogdoedvaldomagalhaes.com.br\/index.php\/wp-json\/wp\/v2\/users\/1"}],"replies":[{"embeddable":true,"href":"https:\/\/blogdoedvaldomagalhaes.com.br\/index.php\/wp-json\/wp\/v2\/comments?post=96121"}],"version-history":[{"count":1,"href":"https:\/\/blogdoedvaldomagalhaes.com.br\/index.php\/wp-json\/wp\/v2\/posts\/96121\/revisions"}],"predecessor-version":[{"id":96123,"href":"https:\/\/blogdoedvaldomagalhaes.com.br\/index.php\/wp-json\/wp\/v2\/posts\/96121\/revisions\/96123"}],"wp:featuredmedia":[{"embeddable":true,"href":"https:\/\/blogdoedvaldomagalhaes.com.br\/index.php\/wp-json\/wp\/v2\/media\/96122"}],"wp:attachment":[{"href":"https:\/\/blogdoedvaldomagalhaes.com.br\/index.php\/wp-json\/wp\/v2\/media?parent=96121"}],"wp:term":[{"taxonomy":"category","embeddable":true,"href":"https:\/\/blogdoedvaldomagalhaes.com.br\/index.php\/wp-json\/wp\/v2\/categories?post=96121"},{"taxonomy":"post_tag","embeddable":true,"href":"https:\/\/blogdoedvaldomagalhaes.com.br\/index.php\/wp-json\/wp\/v2\/tags?post=96121"}],"curies":[{"name":"wp","href":"https:\/\/api.w.org\/{rel}","templated":true}]}}