{"id":96115,"date":"2023-05-13T13:11:48","date_gmt":"2023-05-13T16:11:48","guid":{"rendered":"https:\/\/blogdoedvaldomagalhaes.com.br\/?p=96115"},"modified":"2023-05-13T13:11:49","modified_gmt":"2023-05-13T16:11:49","slug":"cachoeira-seca-recebeu-sucesso-alegria-e-tradicao-do-sao-joao-na-roca","status":"publish","type":"post","link":"https:\/\/blogdoedvaldomagalhaes.com.br\/index.php\/2023\/05\/13\/cachoeira-seca-recebeu-sucesso-alegria-e-tradicao-do-sao-joao-na-roca\/","title":{"rendered":"Cachoeira Seca recebeu sucesso, alegria e tradi\u00e7\u00e3o do S\u00e3o Jo\u00e3o na Ro\u00e7a"},"content":{"rendered":"<p style=\"text-align: justify;\"><span style=\"color: initial; font-size: revert;\">Fazendo parte do calend\u00e1rio de localidades que a caravana do S\u00e3o Jo\u00e3o na Ro\u00e7a ir\u00e1 percorrer, Cachoeira Seca, localizada no segundo distrito da cidade, foi a sexta comunidade a receber os festejos.<\/span><\/p>\n<p style=\"text-align: justify;\">Como de costume, o caminh\u00e3o palco chega \u00e0 localidade levando muita estrutura, agregado de alegria, anima\u00e7\u00e3o e tudo que faz parte da melhor \u00e9poca do ano, o S\u00e3o Jo\u00e3o.<\/p>\n<p style=\"text-align: justify;\">Com uma programa\u00e7\u00e3o que resgata a tradi\u00e7\u00e3o da fogueira, quadrilhas juninas, bacamarteiros e muito forr\u00f3, a programa\u00e7\u00e3o de Cachoeira Seca contou com a Banda Forr\u00f3 Rei do Canga\u00e7o, Didi Caruaru e encerrando a noite, o disc\u00edpulo do grande Dominguinhos, o cantor Cezzinha, que com seu forr\u00f3 rom\u00e2ntico tradicional embalou a todos da comunidade.<\/p>\n<p style=\"text-align: justify;\">Ao todo, o S\u00e3o Jo\u00e3o na Ro\u00e7a ir\u00e1 passar por 13 \u00e1reas da zona rural de Caruaru. Sua pr\u00f3xima parada ser\u00e1 na comunidade de Ita\u00fana, na pr\u00f3xima quarta-feira, 17.<\/p>\n<p style=\"text-align: justify;\">Foto: Elvis \u00c9dson.<\/p>\n<p style=\"text-align: justify;\">Siga o Instagram do Blog @blogdoedvaldomagalhaes<\/p>\n\n\n<figure class=\"wp-block-image size-large\"><img loading=\"lazy\" decoding=\"async\" width=\"1024\" height=\"768\" src=\"https:\/\/blogdoedvaldomagalhaes.com.br\/wp-content\/uploads\/2023\/05\/IMG-20230513-WA0153-1024x768.jpg\" alt=\"\" class=\"wp-image-96118\" srcset=\"https:\/\/blogdoedvaldomagalhaes.com.br\/wp-content\/uploads\/2023\/05\/IMG-20230513-WA0153-1024x768.jpg 1024w, https:\/\/blogdoedvaldomagalhaes.com.br\/wp-content\/uploads\/2023\/05\/IMG-20230513-WA0153-300x225.jpg 300w, https:\/\/blogdoedvaldomagalhaes.com.br\/wp-content\/uploads\/2023\/05\/IMG-20230513-WA0153-768x576.jpg 768w, https:\/\/blogdoedvaldomagalhaes.com.br\/wp-content\/uploads\/2023\/05\/IMG-20230513-WA0153-1536x1152.jpg 1536w, https:\/\/blogdoedvaldomagalhaes.com.br\/wp-content\/uploads\/2023\/05\/IMG-20230513-WA0153-160x120.jpg 160w, https:\/\/blogdoedvaldomagalhaes.com.br\/wp-content\/uploads\/2023\/05\/IMG-20230513-WA0153.jpg 1600w\" sizes=\"auto, (max-width: 1024px) 100vw, 1024px\" \/><figcaption class=\"wp-element-caption\">Prefeito de Caruaru e vereadores no palco<\/figcaption><\/figure>\n\n\n\n<figure class=\"wp-block-image size-large\"><img loading=\"lazy\" decoding=\"async\" width=\"1024\" height=\"768\" src=\"https:\/\/blogdoedvaldomagalhaes.com.br\/wp-content\/uploads\/2023\/05\/IMG-20230513-WA0154-1024x768.jpg\" alt=\"\" class=\"wp-image-96119\" srcset=\"https:\/\/blogdoedvaldomagalhaes.com.br\/wp-content\/uploads\/2023\/05\/IMG-20230513-WA0154-1024x768.jpg 1024w, https:\/\/blogdoedvaldomagalhaes.com.br\/wp-content\/uploads\/2023\/05\/IMG-20230513-WA0154-300x225.jpg 300w, https:\/\/blogdoedvaldomagalhaes.com.br\/wp-content\/uploads\/2023\/05\/IMG-20230513-WA0154-768x576.jpg 768w, https:\/\/blogdoedvaldomagalhaes.com.br\/wp-content\/uploads\/2023\/05\/IMG-20230513-WA0154-1536x1152.jpg 1536w, https:\/\/blogdoedvaldomagalhaes.com.br\/wp-content\/uploads\/2023\/05\/IMG-20230513-WA0154-160x120.jpg 160w, https:\/\/blogdoedvaldomagalhaes.com.br\/wp-content\/uploads\/2023\/05\/IMG-20230513-WA0154.jpg 1600w\" sizes=\"auto, (max-width: 1024px) 100vw, 1024px\" \/><figcaption class=\"wp-element-caption\">Val Lima, Stalony Magnum e Rodrigo Pinheiro<\/figcaption><\/figure>\n","protected":false},"excerpt":{"rendered":"<p>Fazendo parte do calend\u00e1rio de localidades que a caravana do S\u00e3o Jo\u00e3o na Ro\u00e7a ir\u00e1 percorrer, Cachoeira Seca, localizada no&hellip;<\/p>\n","protected":false},"author":1,"featured_media":96117,"comment_status":"closed","ping_status":"open","sticky":false,"template":"","format":"standard","meta":{"footnotes":""},"categories":[14120],"tags":[2,19532,27529,3406,6758],"class_list":["post-96115","post","type-post","status-publish","format-standard","has-post-thumbnail","hentry","category-noticias","tag-blog-do-edvaldo-magalhaes","tag-blog-mais-acessado-e-visualizado-de-caruaru-e-regiao","tag-cachoeira-seca-recebeu-sucesso-alegria-e-tradicao-do-sao-joao-na-roca","tag-caruaru","tag-sao-joao"],"_links":{"self":[{"href":"https:\/\/blogdoedvaldomagalhaes.com.br\/index.php\/wp-json\/wp\/v2\/posts\/96115","targetHints":{"allow":["GET"]}}],"collection":[{"href":"https:\/\/blogdoedvaldomagalhaes.com.br\/index.php\/wp-json\/wp\/v2\/posts"}],"about":[{"href":"https:\/\/blogdoedvaldomagalhaes.com.br\/index.php\/wp-json\/wp\/v2\/types\/post"}],"author":[{"embeddable":true,"href":"https:\/\/blogdoedvaldomagalhaes.com.br\/index.php\/wp-json\/wp\/v2\/users\/1"}],"replies":[{"embeddable":true,"href":"https:\/\/blogdoedvaldomagalhaes.com.br\/index.php\/wp-json\/wp\/v2\/comments?post=96115"}],"version-history":[{"count":1,"href":"https:\/\/blogdoedvaldomagalhaes.com.br\/index.php\/wp-json\/wp\/v2\/posts\/96115\/revisions"}],"predecessor-version":[{"id":96120,"href":"https:\/\/blogdoedvaldomagalhaes.com.br\/index.php\/wp-json\/wp\/v2\/posts\/96115\/revisions\/96120"}],"wp:featuredmedia":[{"embeddable":true,"href":"https:\/\/blogdoedvaldomagalhaes.com.br\/index.php\/wp-json\/wp\/v2\/media\/96117"}],"wp:attachment":[{"href":"https:\/\/blogdoedvaldomagalhaes.com.br\/index.php\/wp-json\/wp\/v2\/media?parent=96115"}],"wp:term":[{"taxonomy":"category","embeddable":true,"href":"https:\/\/blogdoedvaldomagalhaes.com.br\/index.php\/wp-json\/wp\/v2\/categories?post=96115"},{"taxonomy":"post_tag","embeddable":true,"href":"https:\/\/blogdoedvaldomagalhaes.com.br\/index.php\/wp-json\/wp\/v2\/tags?post=96115"}],"curies":[{"name":"wp","href":"https:\/\/api.w.org\/{rel}","templated":true}]}}