{"id":96107,"date":"2023-05-13T12:53:38","date_gmt":"2023-05-13T15:53:38","guid":{"rendered":"https:\/\/blogdoedvaldomagalhaes.com.br\/?p=96107"},"modified":"2023-05-13T13:00:25","modified_gmt":"2023-05-13T16:00:25","slug":"estrutura-do-sao-joao-2023-de-caruaru-comeca-a-ser-montada","status":"publish","type":"post","link":"https:\/\/blogdoedvaldomagalhaes.com.br\/index.php\/2023\/05\/13\/estrutura-do-sao-joao-2023-de-caruaru-comeca-a-ser-montada\/","title":{"rendered":"Estrutura do S\u00e3o Jo\u00e3o 2023 de Caruaru come\u00e7a a ser montada"},"content":{"rendered":"<p style=\"text-align: justify;\"><span style=\"color: initial; font-size: revert;\">A prefeitura de Caruaru deu in\u00edcio, nessa sexta-feira (12), \u00e0 montagem das estruturas para o S\u00e3o Jo\u00e3o 2023 &#8211; Cada Vez Maior e Melhor, que este ano apresenta um novo layout e moderniza\u00e7\u00e3o das \u00e1reas.<\/span><\/p>\n<p style=\"text-align: justify;\">Os materiais j\u00e1 est\u00e3o sendo descarregados, no P\u00e1tio de Eventos Luiz Lua Gonzaga, Esta\u00e7\u00e3o Ferrovi\u00e1ria e Alto do Moura, grandes polos dos festejos juninos, nos quais ganhar\u00e3o forma nos pr\u00f3ximos dias.<\/p>\n<p style=\"text-align: justify;\">O S\u00e3o Jo\u00e3o 2023 j\u00e1 foi aberto oficialmente no dia 28 de abril, com o S\u00e3o Jo\u00e3o na Ro\u00e7a, que, no total, ir\u00e1 percorrer 13 localidades da zona rural de Caruaru. Em seguida, no dia 3 de junho,o S\u00e3o Jo\u00e3o 2023 ter\u00e1 in\u00edcio da \u00e1rea urbana, seguindo at\u00e9 1\u00b0 de julho.<\/p>\n<p style=\"text-align: justify;\">Este ano, Caruaru ter\u00e1 mais de 60 dias de comemora\u00e7\u00e3o juninas, com 25 polos de anima\u00e7\u00e3o espalhados pela cidade, injetando mais de R$ 600 milh\u00f5es na economia local, o que gera cerca de 21 mil empregos de forma direita e indireta \u00e9 uma circula\u00e7\u00e3o de 4 milh\u00f5es de pessoas durante todo o per\u00edodo.<\/p>\n<p style=\"text-align: justify;\">Foto do P\u00e1tio de Eventos: Divulga\u00e7\u00e3o\/SECOM\/Prefeitura.<\/p>\n<p style=\"text-align: justify;\">Siga o Instagram do Blog @blogdoedvaldomagalhaes<\/p>\n\n\n<figure class=\"wp-block-image size-full is-resized\"><img loading=\"lazy\" decoding=\"async\" src=\"https:\/\/blogdoedvaldomagalhaes.com.br\/wp-content\/uploads\/2023\/05\/IMG-20230513-WA0146.jpg\" alt=\"\" class=\"wp-image-96112\" width=\"350\" height=\"262\" srcset=\"https:\/\/blogdoedvaldomagalhaes.com.br\/wp-content\/uploads\/2023\/05\/IMG-20230513-WA0146.jpg 1024w, https:\/\/blogdoedvaldomagalhaes.com.br\/wp-content\/uploads\/2023\/05\/IMG-20230513-WA0146-300x225.jpg 300w, https:\/\/blogdoedvaldomagalhaes.com.br\/wp-content\/uploads\/2023\/05\/IMG-20230513-WA0146-768x576.jpg 768w, https:\/\/blogdoedvaldomagalhaes.com.br\/wp-content\/uploads\/2023\/05\/IMG-20230513-WA0146-160x120.jpg 160w\" sizes=\"auto, (max-width: 350px) 100vw, 350px\" \/><figcaption class=\"wp-element-caption\">Foto da montagem no Alto do Moura<\/figcaption><\/figure>\n","protected":false},"excerpt":{"rendered":"<p>A prefeitura de Caruaru deu in\u00edcio, nessa sexta-feira (12), \u00e0 montagem das estruturas para o S\u00e3o Jo\u00e3o 2023 &#8211; Cada&hellip;<\/p>\n","protected":false},"author":1,"featured_media":96108,"comment_status":"closed","ping_status":"open","sticky":false,"template":"","format":"standard","meta":{"footnotes":""},"categories":[14120],"tags":[2,19532,3406,27528,6758],"class_list":["post-96107","post","type-post","status-publish","format-standard","has-post-thumbnail","hentry","category-noticias","tag-blog-do-edvaldo-magalhaes","tag-blog-mais-acessado-e-visualizado-de-caruaru-e-regiao","tag-caruaru","tag-estrutura-do-sao-joao-2023-de-caruaru-comeca-a-ser-montada","tag-sao-joao"],"_links":{"self":[{"href":"https:\/\/blogdoedvaldomagalhaes.com.br\/index.php\/wp-json\/wp\/v2\/posts\/96107","targetHints":{"allow":["GET"]}}],"collection":[{"href":"https:\/\/blogdoedvaldomagalhaes.com.br\/index.php\/wp-json\/wp\/v2\/posts"}],"about":[{"href":"https:\/\/blogdoedvaldomagalhaes.com.br\/index.php\/wp-json\/wp\/v2\/types\/post"}],"author":[{"embeddable":true,"href":"https:\/\/blogdoedvaldomagalhaes.com.br\/index.php\/wp-json\/wp\/v2\/users\/1"}],"replies":[{"embeddable":true,"href":"https:\/\/blogdoedvaldomagalhaes.com.br\/index.php\/wp-json\/wp\/v2\/comments?post=96107"}],"version-history":[{"count":3,"href":"https:\/\/blogdoedvaldomagalhaes.com.br\/index.php\/wp-json\/wp\/v2\/posts\/96107\/revisions"}],"predecessor-version":[{"id":96114,"href":"https:\/\/blogdoedvaldomagalhaes.com.br\/index.php\/wp-json\/wp\/v2\/posts\/96107\/revisions\/96114"}],"wp:featuredmedia":[{"embeddable":true,"href":"https:\/\/blogdoedvaldomagalhaes.com.br\/index.php\/wp-json\/wp\/v2\/media\/96108"}],"wp:attachment":[{"href":"https:\/\/blogdoedvaldomagalhaes.com.br\/index.php\/wp-json\/wp\/v2\/media?parent=96107"}],"wp:term":[{"taxonomy":"category","embeddable":true,"href":"https:\/\/blogdoedvaldomagalhaes.com.br\/index.php\/wp-json\/wp\/v2\/categories?post=96107"},{"taxonomy":"post_tag","embeddable":true,"href":"https:\/\/blogdoedvaldomagalhaes.com.br\/index.php\/wp-json\/wp\/v2\/tags?post=96107"}],"curies":[{"name":"wp","href":"https:\/\/api.w.org\/{rel}","templated":true}]}}