{"id":96104,"date":"2023-05-13T12:41:30","date_gmt":"2023-05-13T15:41:30","guid":{"rendered":"https:\/\/blogdoedvaldomagalhaes.com.br\/?p=96104"},"modified":"2023-05-13T12:41:31","modified_gmt":"2023-05-13T15:41:31","slug":"pai-e-filho-sao-detidos-pela-prf-com-carros-roubados","status":"publish","type":"post","link":"https:\/\/blogdoedvaldomagalhaes.com.br\/index.php\/2023\/05\/13\/pai-e-filho-sao-detidos-pela-prf-com-carros-roubados\/","title":{"rendered":"Pai e filho s\u00e3o detidos pela PRF com carros roubados"},"content":{"rendered":"<p style=\"text-align: justify;\"><span style=\"color: initial; font-size: revert;\">Um homem de 55 anos e o filho dele, de 24, que estavam em carros roubados no Grande Recife foram detidos, na sexta-feira (12), pela Pol\u00edcia Rodovi\u00e1ria Federal (PRF). Os flagrantes foram realizados durante uma fiscaliza\u00e7\u00e3o no Km 8 da BR 407, em Juazeiro.<\/span><\/p>\n<p style=\"text-align: justify;\">Policiais do Grupo de Patrulhamento T\u00e1tico de Petrolina realizavam uma blitz na rodovia, quando avistaram um carro indo para o acostamento e voltando para a pista logo em seguida. Diante da manobra suspeita, o condutor foi abordado junto com outro ve\u00edculo que o seguia.<\/p>\n<p style=\"text-align: justify;\">Ap\u00f3s um procedimento de identifica\u00e7\u00e3o, a equipe constatou diversos sinais de adultera\u00e7\u00e3o nos carros e descobriu que eram roubados. Um dos ve\u00edculos possu\u00eda um boletim de ocorr\u00eancia do dia 14 de abril deste ano em Olinda e o outro havia sido roubado no dia 25 de abril, em Recife.<\/p>\n<p style=\"text-align: justify;\">Os homens relataram que trabalham com a venda de ve\u00edculos usados e haviam ido a Flores para negociar uma transa\u00e7\u00e3o. Eles foram encaminhados \u00e0 Delegacia de Pol\u00edcia Civil de Juazeiro e podem responder por recepta\u00e7\u00e3o, al\u00e9m de adultera\u00e7\u00e3o de sinal identificador de ve\u00edculo. Foto: Divulga\u00e7\u00e3o\/PRF.<\/p>\n<p style=\"text-align: justify;\">Siga o Instagram do Blog @blogdoedvaldomagalhaes<\/p>\n","protected":false},"excerpt":{"rendered":"<p>Um homem de 55 anos e o filho dele, de 24, que estavam em carros roubados no Grande Recife foram&hellip;<\/p>\n","protected":false},"author":1,"featured_media":96105,"comment_status":"closed","ping_status":"open","sticky":false,"template":"","format":"standard","meta":{"footnotes":""},"categories":[14121],"tags":[2,19532,3406,27527],"class_list":["post-96104","post","type-post","status-publish","format-standard","has-post-thumbnail","hentry","category-policial","tag-blog-do-edvaldo-magalhaes","tag-blog-mais-acessado-e-visualizado-de-caruaru-e-regiao","tag-caruaru","tag-pai-e-filho-sao-detidos-pela-prf-com-carros-roubados"],"_links":{"self":[{"href":"https:\/\/blogdoedvaldomagalhaes.com.br\/index.php\/wp-json\/wp\/v2\/posts\/96104","targetHints":{"allow":["GET"]}}],"collection":[{"href":"https:\/\/blogdoedvaldomagalhaes.com.br\/index.php\/wp-json\/wp\/v2\/posts"}],"about":[{"href":"https:\/\/blogdoedvaldomagalhaes.com.br\/index.php\/wp-json\/wp\/v2\/types\/post"}],"author":[{"embeddable":true,"href":"https:\/\/blogdoedvaldomagalhaes.com.br\/index.php\/wp-json\/wp\/v2\/users\/1"}],"replies":[{"embeddable":true,"href":"https:\/\/blogdoedvaldomagalhaes.com.br\/index.php\/wp-json\/wp\/v2\/comments?post=96104"}],"version-history":[{"count":1,"href":"https:\/\/blogdoedvaldomagalhaes.com.br\/index.php\/wp-json\/wp\/v2\/posts\/96104\/revisions"}],"predecessor-version":[{"id":96106,"href":"https:\/\/blogdoedvaldomagalhaes.com.br\/index.php\/wp-json\/wp\/v2\/posts\/96104\/revisions\/96106"}],"wp:featuredmedia":[{"embeddable":true,"href":"https:\/\/blogdoedvaldomagalhaes.com.br\/index.php\/wp-json\/wp\/v2\/media\/96105"}],"wp:attachment":[{"href":"https:\/\/blogdoedvaldomagalhaes.com.br\/index.php\/wp-json\/wp\/v2\/media?parent=96104"}],"wp:term":[{"taxonomy":"category","embeddable":true,"href":"https:\/\/blogdoedvaldomagalhaes.com.br\/index.php\/wp-json\/wp\/v2\/categories?post=96104"},{"taxonomy":"post_tag","embeddable":true,"href":"https:\/\/blogdoedvaldomagalhaes.com.br\/index.php\/wp-json\/wp\/v2\/tags?post=96104"}],"curies":[{"name":"wp","href":"https:\/\/api.w.org\/{rel}","templated":true}]}}