{"id":95800,"date":"2023-05-06T10:14:11","date_gmt":"2023-05-06T13:14:11","guid":{"rendered":"https:\/\/blogdoedvaldomagalhaes.com.br\/?p=95800"},"modified":"2023-05-06T10:14:12","modified_gmt":"2023-05-06T13:14:12","slug":"presidente-da-perpart-acompanha-cadastro-para-emissao-de-escrituras-das-casas-do-bairro-agamenon-em-caruaru","status":"publish","type":"post","link":"https:\/\/blogdoedvaldomagalhaes.com.br\/index.php\/2023\/05\/06\/presidente-da-perpart-acompanha-cadastro-para-emissao-de-escrituras-das-casas-do-bairro-agamenon-em-caruaru\/","title":{"rendered":"Presidente da Perpart acompanha cadastro para emiss\u00e3o de escrituras das casas do bairro Agamenon em Caruaru"},"content":{"rendered":"<p style=\"text-align: justify;\"><span style=\"font-size: revert; color: initial;\">O presidente da Perpart Jo\u00e3o Carlos S\u00e1 Leit\u00e3o, esteve na tarde desta sexta-feira 05, acompanhado o cadastro que est\u00e1 sendo realizado pelo \u00f3rg\u00e3o para a emiss\u00e3o das escrituras das casas do bairro Agamenon, a antiga Vila Social Contra o Mocambo, aqui em Caruaru. O objetivo do Governo do Estado \u00e9 beneficiar cerca de 425 fam\u00edlias que residem na comunidade.<\/span><\/p>\n<p style=\"text-align: justify;\">Acompanhado pelo Gerente Geral de Regulariza\u00e7\u00e3o Imobiliaria e Fundi\u00e1ria, \u00cdcaro Ten\u00f3rio e do presidente da Associa\u00e7\u00e3o de Moradores do bairro Agamenon, J\u00fanior Letal, o presidente da Perpart Jo\u00e3o Carlos, ouviu a popula\u00e7\u00e3o, tirou d\u00favidas e visitou o campo da comunidade, onde conheceu o trabalho da Escolinha de Futebol que desenvolve atividades esportivas para crian\u00e7as e jovens da localidade.<\/p>\n<p style=\"text-align: justify;\">O presidente da Associa\u00e7\u00e3o de Moradores do bairro Agamenon, J\u00fanior Letal, agradeceu ao presidente da Perpart Jo\u00e3o Carlos e ao Gerente Geral de Regulariza\u00e7\u00e3o \u00cdcaro Ten\u00f3rio pela visita a comunidade. J\u00fanior Letal destacou tamb\u00e9m que a Governadora Raquel Lyra est\u00e1 de parab\u00e9ns pela decis\u00e3o de determinar a emiss\u00e3o das escrituras das casas, coisa que os moradores esperam h\u00e1 mais de 50 anos.<\/p>\n<p style=\"text-align: justify;\">&#8221; Estamos felizes com a visita de Dr Jo\u00e3o Carlos, presidente da Perpart ao nosso bairro. Esse \u00e9 um momento hist\u00f3rico para os moradores da nossa antiga Vila Social Contra o Mocambo. A Governadora Raquel Lyra est\u00e1 realizando um sonho de quase 50 anos. Nosso povo ser\u00e1 sempre grato por isso&#8221; disse J\u00fanior Letal.<\/p>\n<p style=\"text-align: justify;\">Foto: Divulga\u00e7\u00e3o.<\/p>\n<p style=\"text-align: justify;\">Siga o Instagram do Blog @blogdoedvaldomagalhaes<\/p>\n","protected":false},"excerpt":{"rendered":"<p>O presidente da Perpart Jo\u00e3o Carlos S\u00e1 Leit\u00e3o, esteve na tarde desta sexta-feira 05, acompanhado o cadastro que est\u00e1 sendo&hellip;<\/p>\n","protected":false},"author":1,"featured_media":95801,"comment_status":"closed","ping_status":"open","sticky":false,"template":"","format":"standard","meta":{"footnotes":""},"categories":[14120],"tags":[2,19532,3406,27468],"class_list":["post-95800","post","type-post","status-publish","format-standard","has-post-thumbnail","hentry","category-noticias","tag-blog-do-edvaldo-magalhaes","tag-blog-mais-acessado-e-visualizado-de-caruaru-e-regiao","tag-caruaru","tag-presidente-da-perpart-acompanha-cadastro-para-emissao-de-escrituras-das-casas-do-bairro-agamenon-em-caruaru"],"_links":{"self":[{"href":"https:\/\/blogdoedvaldomagalhaes.com.br\/index.php\/wp-json\/wp\/v2\/posts\/95800","targetHints":{"allow":["GET"]}}],"collection":[{"href":"https:\/\/blogdoedvaldomagalhaes.com.br\/index.php\/wp-json\/wp\/v2\/posts"}],"about":[{"href":"https:\/\/blogdoedvaldomagalhaes.com.br\/index.php\/wp-json\/wp\/v2\/types\/post"}],"author":[{"embeddable":true,"href":"https:\/\/blogdoedvaldomagalhaes.com.br\/index.php\/wp-json\/wp\/v2\/users\/1"}],"replies":[{"embeddable":true,"href":"https:\/\/blogdoedvaldomagalhaes.com.br\/index.php\/wp-json\/wp\/v2\/comments?post=95800"}],"version-history":[{"count":1,"href":"https:\/\/blogdoedvaldomagalhaes.com.br\/index.php\/wp-json\/wp\/v2\/posts\/95800\/revisions"}],"predecessor-version":[{"id":95802,"href":"https:\/\/blogdoedvaldomagalhaes.com.br\/index.php\/wp-json\/wp\/v2\/posts\/95800\/revisions\/95802"}],"wp:featuredmedia":[{"embeddable":true,"href":"https:\/\/blogdoedvaldomagalhaes.com.br\/index.php\/wp-json\/wp\/v2\/media\/95801"}],"wp:attachment":[{"href":"https:\/\/blogdoedvaldomagalhaes.com.br\/index.php\/wp-json\/wp\/v2\/media?parent=95800"}],"wp:term":[{"taxonomy":"category","embeddable":true,"href":"https:\/\/blogdoedvaldomagalhaes.com.br\/index.php\/wp-json\/wp\/v2\/categories?post=95800"},{"taxonomy":"post_tag","embeddable":true,"href":"https:\/\/blogdoedvaldomagalhaes.com.br\/index.php\/wp-json\/wp\/v2\/tags?post=95800"}],"curies":[{"name":"wp","href":"https:\/\/api.w.org\/{rel}","templated":true}]}}