{"id":95743,"date":"2023-05-04T19:10:12","date_gmt":"2023-05-04T22:10:12","guid":{"rendered":"https:\/\/blogdoedvaldomagalhaes.com.br\/?p=95743"},"modified":"2023-05-04T19:10:13","modified_gmt":"2023-05-04T22:10:13","slug":"carga-de-eletromedicos-roubada-e-recuperada-pela-prf","status":"publish","type":"post","link":"https:\/\/blogdoedvaldomagalhaes.com.br\/index.php\/2023\/05\/04\/carga-de-eletromedicos-roubada-e-recuperada-pela-prf\/","title":{"rendered":"Carga de eletrom\u00e9dicos roubada \u00e9 recuperada pela PRF"},"content":{"rendered":"<p style=\"text-align: justify;\"><span style=\"color: initial; font-size: revert;\">Uma carga de eletrodom\u00e9sticos que havia sido roubada foi recuperada e um suspeito de assalto foi detido nesta quinta-feira (4), pela Pol\u00edcia Rodovi\u00e1ria Federal (PRF), na BR 101, em Jaboat\u00e3o dos Guararapes, no Grande Recife. O caminh\u00e3o que transportava a mercadoria havia sido tomado de assalto no in\u00edcio da manh\u00e3 de hoje, em Ribeir\u00e3o, na Zona da Mata Sul de Pernambuco.<\/span><\/p>\n<p style=\"text-align: justify;\">Policiais do Grupo de Fiscaliza\u00e7\u00e3o de Tr\u00e2nsito da PRF realizavam uma fiscaliza\u00e7\u00e3o de seguran\u00e7a vi\u00e1ria, quando receberam informa\u00e7\u00f5es de que havia um caminh\u00e3o roubado circulando na rodovia. Ap\u00f3s acompanhamento t\u00e1tico, o caminh\u00e3o foi abordado e o motorista foi detido no Km 83 da rodovia.<\/p>\n<p style=\"text-align: justify;\">Quando os policiais abriram o compartilhamento de carga, encontraram dezenas de caixas de ares- condicionados e televisores. No caminh\u00e3o tamb\u00e9m foi apreendido um jammer, equipamento utilizado por assaltantes para bloquear o sinal de sat\u00e9lite do ve\u00edculo.<\/p>\n<p style=\"text-align: justify;\">O motorista foi encaminhado junto com o caminh\u00e3o e a carga ao Departamento de Repress\u00e3o aos Crimes Patrimoniais (Depatri), para ser devolvido ao propriet\u00e1rio.<\/p>\n<p style=\"text-align: justify;\">Siga o Instagram do Blog @blogdoedvaldomagalhaes<\/p>\n\n\n<figure class=\"wp-block-image size-large is-resized\"><img loading=\"lazy\" decoding=\"async\" src=\"https:\/\/blogdoedvaldomagalhaes.com.br\/wp-content\/uploads\/2023\/05\/IMG-20230504-WA0150-576x1024.jpg\" alt=\"\" class=\"wp-image-95744\" width=\"357\" height=\"633\"\/><figcaption class=\"wp-element-caption\">Fotos: Divulga\u00e7\u00e3o\/PRF<\/figcaption><\/figure>\n","protected":false},"excerpt":{"rendered":"<p>Uma carga de eletrodom\u00e9sticos que havia sido roubada foi recuperada e um suspeito de assalto foi detido nesta quinta-feira (4),&hellip;<\/p>\n","protected":false},"author":1,"featured_media":95745,"comment_status":"closed","ping_status":"open","sticky":false,"template":"","format":"standard","meta":{"footnotes":""},"categories":[14121],"tags":[2,19532,27459,3406],"class_list":["post-95743","post","type-post","status-publish","format-standard","has-post-thumbnail","hentry","category-policial","tag-blog-do-edvaldo-magalhaes","tag-blog-mais-acessado-e-visualizado-de-caruaru-e-regiao","tag-carga-de-eletromedicos-roubada-e-recuperada-pela-prf","tag-caruaru"],"_links":{"self":[{"href":"https:\/\/blogdoedvaldomagalhaes.com.br\/index.php\/wp-json\/wp\/v2\/posts\/95743","targetHints":{"allow":["GET"]}}],"collection":[{"href":"https:\/\/blogdoedvaldomagalhaes.com.br\/index.php\/wp-json\/wp\/v2\/posts"}],"about":[{"href":"https:\/\/blogdoedvaldomagalhaes.com.br\/index.php\/wp-json\/wp\/v2\/types\/post"}],"author":[{"embeddable":true,"href":"https:\/\/blogdoedvaldomagalhaes.com.br\/index.php\/wp-json\/wp\/v2\/users\/1"}],"replies":[{"embeddable":true,"href":"https:\/\/blogdoedvaldomagalhaes.com.br\/index.php\/wp-json\/wp\/v2\/comments?post=95743"}],"version-history":[{"count":1,"href":"https:\/\/blogdoedvaldomagalhaes.com.br\/index.php\/wp-json\/wp\/v2\/posts\/95743\/revisions"}],"predecessor-version":[{"id":95746,"href":"https:\/\/blogdoedvaldomagalhaes.com.br\/index.php\/wp-json\/wp\/v2\/posts\/95743\/revisions\/95746"}],"wp:featuredmedia":[{"embeddable":true,"href":"https:\/\/blogdoedvaldomagalhaes.com.br\/index.php\/wp-json\/wp\/v2\/media\/95745"}],"wp:attachment":[{"href":"https:\/\/blogdoedvaldomagalhaes.com.br\/index.php\/wp-json\/wp\/v2\/media?parent=95743"}],"wp:term":[{"taxonomy":"category","embeddable":true,"href":"https:\/\/blogdoedvaldomagalhaes.com.br\/index.php\/wp-json\/wp\/v2\/categories?post=95743"},{"taxonomy":"post_tag","embeddable":true,"href":"https:\/\/blogdoedvaldomagalhaes.com.br\/index.php\/wp-json\/wp\/v2\/tags?post=95743"}],"curies":[{"name":"wp","href":"https:\/\/api.w.org\/{rel}","templated":true}]}}