{"id":95740,"date":"2023-05-04T18:00:48","date_gmt":"2023-05-04T21:00:48","guid":{"rendered":"https:\/\/blogdoedvaldomagalhaes.com.br\/?p=95740"},"modified":"2023-05-04T18:10:04","modified_gmt":"2023-05-04T21:10:04","slug":"vereador-mano-do-som-indica-ao-governo-pe-implantacao-de-posto-policial-no-bairro-riachao","status":"publish","type":"post","link":"https:\/\/blogdoedvaldomagalhaes.com.br\/index.php\/2023\/05\/04\/vereador-mano-do-som-indica-ao-governo-pe-implantacao-de-posto-policial-no-bairro-riachao\/","title":{"rendered":"Vereador Mano do Som indica ao Governo-PE implanta\u00e7\u00e3o de posto policial no bairro Riach\u00e3o"},"content":{"rendered":"<p style=\"text-align: justify;\">Trata-se de um importante pleito dos moradores, em decorr\u00eancia da inseguran\u00e7a p\u00fablica, que vem ocorrendo no respectivo bairro, bem como em decorr\u00eancia do alto \u00edndice populacional e comercial implantada na Regi\u00e3o, e o vereador Mano do Som solicita que se estude a possibilidade de implanta\u00e7\u00e3o de um posto policial para essas localidades.<\/p>\n<p style=\"text-align: justify;\">\u201cNeste sentido, a presta\u00e7\u00e3o dos servi\u00e7os p\u00fablicos indicados nesta propositura, com a brevidade necess\u00e1ria, resultar\u00e1 na melhoria da qualidade de vida da popula\u00e7\u00e3o, garantindo a dignidade da pessoa humana, maior conforto, seguran\u00e7a, sa\u00fade e harmonia para os moradores\u201d, afirmou o vereador Mano do Som.<\/p>\n<p style=\"text-align: justify;\">Siga o Instagram do Blog @blogdoedvaldomagalhaes<\/p>\n","protected":false},"excerpt":{"rendered":"<p>Trata-se de um importante pleito dos moradores, em decorr\u00eancia da inseguran\u00e7a p\u00fablica, que vem ocorrendo no respectivo bairro, bem como&hellip;<\/p>\n","protected":false},"author":1,"featured_media":95741,"comment_status":"closed","ping_status":"open","sticky":false,"template":"","format":"standard","meta":{"footnotes":""},"categories":[14120],"tags":[2,19532,3406,27458],"class_list":["post-95740","post","type-post","status-publish","format-standard","has-post-thumbnail","hentry","category-noticias","tag-blog-do-edvaldo-magalhaes","tag-blog-mais-acessado-e-visualizado-de-caruaru-e-regiao","tag-caruaru","tag-vereador-mano-do-som-indica-ao-governo-pe-implantacao-de-posto-policial-no-bairro-riachao"],"_links":{"self":[{"href":"https:\/\/blogdoedvaldomagalhaes.com.br\/index.php\/wp-json\/wp\/v2\/posts\/95740","targetHints":{"allow":["GET"]}}],"collection":[{"href":"https:\/\/blogdoedvaldomagalhaes.com.br\/index.php\/wp-json\/wp\/v2\/posts"}],"about":[{"href":"https:\/\/blogdoedvaldomagalhaes.com.br\/index.php\/wp-json\/wp\/v2\/types\/post"}],"author":[{"embeddable":true,"href":"https:\/\/blogdoedvaldomagalhaes.com.br\/index.php\/wp-json\/wp\/v2\/users\/1"}],"replies":[{"embeddable":true,"href":"https:\/\/blogdoedvaldomagalhaes.com.br\/index.php\/wp-json\/wp\/v2\/comments?post=95740"}],"version-history":[{"count":1,"href":"https:\/\/blogdoedvaldomagalhaes.com.br\/index.php\/wp-json\/wp\/v2\/posts\/95740\/revisions"}],"predecessor-version":[{"id":95742,"href":"https:\/\/blogdoedvaldomagalhaes.com.br\/index.php\/wp-json\/wp\/v2\/posts\/95740\/revisions\/95742"}],"wp:featuredmedia":[{"embeddable":true,"href":"https:\/\/blogdoedvaldomagalhaes.com.br\/index.php\/wp-json\/wp\/v2\/media\/95741"}],"wp:attachment":[{"href":"https:\/\/blogdoedvaldomagalhaes.com.br\/index.php\/wp-json\/wp\/v2\/media?parent=95740"}],"wp:term":[{"taxonomy":"category","embeddable":true,"href":"https:\/\/blogdoedvaldomagalhaes.com.br\/index.php\/wp-json\/wp\/v2\/categories?post=95740"},{"taxonomy":"post_tag","embeddable":true,"href":"https:\/\/blogdoedvaldomagalhaes.com.br\/index.php\/wp-json\/wp\/v2\/tags?post=95740"}],"curies":[{"name":"wp","href":"https:\/\/api.w.org\/{rel}","templated":true}]}}