{"id":95736,"date":"2023-05-04T17:34:24","date_gmt":"2023-05-04T20:34:24","guid":{"rendered":"https:\/\/blogdoedvaldomagalhaes.com.br\/?p=95736"},"modified":"2023-05-04T18:51:53","modified_gmt":"2023-05-04T21:51:53","slug":"jorge-quintino-solicita-um-anteprojeto-para-obrigatoriedade-da-contratacao-de-tradutor-e-interprete-libras-nas-unidades-de-saude-caruaru","status":"publish","type":"post","link":"https:\/\/blogdoedvaldomagalhaes.com.br\/index.php\/2023\/05\/04\/jorge-quintino-solicita-um-anteprojeto-para-obrigatoriedade-da-contratacao-de-tradutor-e-interprete-libras-nas-unidades-de-saude-caruaru\/","title":{"rendered":"Jorge Quintino solicita um anteprojeto para obrigatoriedade da contrata\u00e7\u00e3o de tradutor e int\u00e9rprete Libras nas unidades de sa\u00fade Caruaru"},"content":{"rendered":"<p style=\"text-align: justify;\"><span style=\"font-size: revert; color: initial;\">Na tarde desta quinta-feira (04), acontece a 25\u00aa sess\u00e3o legislativa na C\u00e2mara de Vereadores de Caruaru. O vereador Jorge Quintino (SD) apresentou na \u00faltima semana um anteprojeto de lei na C\u00e2mara Municipal de Caruaru, que disp\u00f5e sobre a obrigatoriedade da contrata\u00e7\u00e3o de tradutor e int\u00e9rprete ou profissional apto a se comunicar em L\u00edngua Brasileira de Sinais \u2013 Libras nas unidades de atendimento \u00e0 sa\u00fade do Munic\u00edpio de Caruaru. O objetivo do projeto \u00e9 assegurar a sa\u00fade, dignidade e bem-estar da popula\u00e7\u00e3o surda, que \u00e9 direito fundamental de todos os cidad\u00e3os e deve ser tratada com a devida import\u00e2ncia e respeito.<\/span><\/p>\n<p style=\"text-align: justify;\">O vereador, afirma que a propositura, visa oferecer oportunidades de acesso a bens e servi\u00e7os dentro de um sistema que benfeitorize os sujeitos, independentemente da defici\u00eancia e encontra fundamento na Constitui\u00e7\u00e3o Federal de 1988 que disp\u00f5e que a \u201csa\u00fade \u00e9 um direito de todos e um dever do Estado\u201d, ou seja, al\u00e9m de oferecer o atendimento indiscriminado, a pessoa deve ser tratada na sua individualidade e, por isso, o termo inclus\u00e3o deve estar relacionado \u00e0s inser\u00e7\u00f5es de pol\u00edticas p\u00fablicas voltadas principalmente ao exerc\u00edcio da cidadania, estimulando o respeito e valorizando as diferen\u00e7as. Outrossim, colocar em pr\u00e1tica o desenvolvimento de a\u00e7\u00f5es coletivas nos hospitais, Unidades B\u00e1sicas de Sa\u00fade, Centros de Aten\u00e7\u00e3o Psicossocial, abordando a\u00e7\u00f5es que promovam a integra\u00e7\u00e3o dessas pessoas em todas as esferas da sociedade, ir\u00e1 corroborar para um sistema de sa\u00fade mais inclusivo.<\/p>\n<p style=\"text-align: justify;\">\u201cUm paciente surdo, precisa ter autonomia para se dirigir ao servi\u00e7o p\u00fablico de sa\u00fade, sabendo que l\u00e1 ser\u00e1 amparado e atendido por algu\u00e9m capacitado para lhe auxiliar na comunica\u00e7\u00e3o com m\u00e9dicos e enfermeiros e demais funcion\u00e1rios que trabalham no ambiente hospitalar e cl\u00ednico\u201d, vaticinou o Edil.<\/p>\n<p style=\"text-align: justify;\">25\u00aa Ordin\u00e1ria da 3\u00aa Sess\u00e3o Legislativa da 18\u00aa Legislatura, ocorrer\u00e1 na Casa Jornalista Jos\u00e9 Carlos Flor\u00eancio, a partir das 16h. O p\u00fablico pode acompanhar a Sess\u00e3o atrav\u00e9s das redes sociais, da TV C\u00e2mara, canal 22.2. Foto: Vladimir Barreto.<\/p>\n<p style=\"text-align: justify;\">Siga o Instagram do Blog @blogdoedvaldomagalhaes<\/p>\n","protected":false},"excerpt":{"rendered":"<p>Na tarde desta quinta-feira (04), acontece a 25\u00aa sess\u00e3o legislativa na C\u00e2mara de Vereadores de Caruaru. O vereador Jorge Quintino&hellip;<\/p>\n","protected":false},"author":1,"featured_media":95739,"comment_status":"closed","ping_status":"open","sticky":false,"template":"","format":"standard","meta":{"footnotes":""},"categories":[14120],"tags":[2,19532,3406,27457,20],"class_list":["post-95736","post","type-post","status-publish","format-standard","has-post-thumbnail","hentry","category-noticias","tag-blog-do-edvaldo-magalhaes","tag-blog-mais-acessado-e-visualizado-de-caruaru-e-regiao","tag-caruaru","tag-jorge-quintino-solicita-um-anteprojeto-para-obrigatoriedade-da-contratacao-de-tradutor-e-interprete-libras-nas-unidades-de-saude-caruaru","tag-politica"],"_links":{"self":[{"href":"https:\/\/blogdoedvaldomagalhaes.com.br\/index.php\/wp-json\/wp\/v2\/posts\/95736","targetHints":{"allow":["GET"]}}],"collection":[{"href":"https:\/\/blogdoedvaldomagalhaes.com.br\/index.php\/wp-json\/wp\/v2\/posts"}],"about":[{"href":"https:\/\/blogdoedvaldomagalhaes.com.br\/index.php\/wp-json\/wp\/v2\/types\/post"}],"author":[{"embeddable":true,"href":"https:\/\/blogdoedvaldomagalhaes.com.br\/index.php\/wp-json\/wp\/v2\/users\/1"}],"replies":[{"embeddable":true,"href":"https:\/\/blogdoedvaldomagalhaes.com.br\/index.php\/wp-json\/wp\/v2\/comments?post=95736"}],"version-history":[{"count":1,"href":"https:\/\/blogdoedvaldomagalhaes.com.br\/index.php\/wp-json\/wp\/v2\/posts\/95736\/revisions"}],"predecessor-version":[{"id":95737,"href":"https:\/\/blogdoedvaldomagalhaes.com.br\/index.php\/wp-json\/wp\/v2\/posts\/95736\/revisions\/95737"}],"wp:featuredmedia":[{"embeddable":true,"href":"https:\/\/blogdoedvaldomagalhaes.com.br\/index.php\/wp-json\/wp\/v2\/media\/95739"}],"wp:attachment":[{"href":"https:\/\/blogdoedvaldomagalhaes.com.br\/index.php\/wp-json\/wp\/v2\/media?parent=95736"}],"wp:term":[{"taxonomy":"category","embeddable":true,"href":"https:\/\/blogdoedvaldomagalhaes.com.br\/index.php\/wp-json\/wp\/v2\/categories?post=95736"},{"taxonomy":"post_tag","embeddable":true,"href":"https:\/\/blogdoedvaldomagalhaes.com.br\/index.php\/wp-json\/wp\/v2\/tags?post=95736"}],"curies":[{"name":"wp","href":"https:\/\/api.w.org\/{rel}","templated":true}]}}