{"id":95734,"date":"2023-05-04T17:19:29","date_gmt":"2023-05-04T20:19:29","guid":{"rendered":"https:\/\/blogdoedvaldomagalhaes.com.br\/?p=95734"},"modified":"2023-05-04T17:19:30","modified_gmt":"2023-05-04T20:19:30","slug":"vereador-irmao-ronaldo-pede-teste-do-olhinho-nas-ubs-e-brinquedos-para-criancas-com-necessidades-especiais-nas-pracas","status":"publish","type":"post","link":"https:\/\/blogdoedvaldomagalhaes.com.br\/index.php\/2023\/05\/04\/vereador-irmao-ronaldo-pede-teste-do-olhinho-nas-ubs-e-brinquedos-para-criancas-com-necessidades-especiais-nas-pracas\/","title":{"rendered":"Vereador Irm\u00e3o Ronaldo pede teste do olhinho nas UBS, e brinquedos para crian\u00e7as com necessidades especiais nas pra\u00e7as"},"content":{"rendered":"<p style=\"text-align: justify;\"><b>REQUERIMENTOS SOLICITADOS DE AUTORIA DO VEREADOR IRM\u00c3O RONALDO\u00a0<\/b><\/p>\n<p style=\"text-align: justify;\"><b>Requerimento<\/b><span style=\"font-weight: 400;\"> Anteprojeto: Disp\u00f5e sobre a realiza\u00e7\u00e3o de Teste do Olhinho nas Unidades B\u00e1sicas de Sa\u00fade e da outras provid\u00eancias.<\/span><\/p>\n<p style=\"text-align: justify;\"><b>Requerimento<\/b><span style=\"font-weight: 400;\"> Anteprojeto: Determina a implanta\u00e7\u00e3o de brinquedos para crian\u00e7as com necessidades especiais nas pra\u00e7as p\u00fablicas do munic\u00edpio de Caruaru, e d\u00e1 outras provid\u00eancias.<\/span><\/p>\n<p style=\"text-align: justify;\"><b>Requerimento<\/b><span style=\"font-weight: 400;\"> Anteprojeto: Institui o Programa Municipal \u201cEscola Comunit\u00e1ria\u201d no \u00e2mbito do munic\u00edpio de Caruaru.<\/span><\/p>\n<p style=\"text-align: justify;\"><b>Requerimento<\/b><span style=\"font-weight: 400;\"> Anteprojeto: Disponibiliza na rede municipal de sa\u00fade de Caruaru, assist\u00eancia psicol\u00f3gica e social aos alunos vitima de Bullying.<\/span><\/p>\n<p style=\"text-align: justify;\"><b>Indica\u00e7\u00e3o<\/b><span style=\"font-weight: 400;\"> Apelo \u00e0 Exma. Senhora Governadora do Estado de Pernambuco, Raquel Lyra, extensivo ao Diretor do (DEPARTAMENTO DE ESTRADAS E RODAGENS) D.E.R, para que procedam com a implanta\u00e7\u00e3o de 2 (DOIS) REDUTORES DE VELOCIDADE (LOMBADAS F\u00cdSICAS), EM UM TRECHO DA PE 145 NAS DUAS ENTRADAS DA COMUNIDADE DO S\u00cdTIO RIACHO DOCE, 2\u00ba DISTRITO DE CARUARU-PE.<\/span><\/p>\n<p style=\"text-align: justify;\"><b>Requerimento<\/b><span style=\"font-weight: 400;\"> Para que viabilize a reintegra\u00e7\u00e3o de dois garis, e a implanta\u00e7\u00e3o de tr\u00eas coletores de lixo no S\u00edtio Riacho Doce, 2\u00ba Distrito.<\/span><\/p>\n<p style=\"text-align: justify;\"><b>Requerimento<\/b><span style=\"font-weight: 400;\"> Para que se viabilize a complementa\u00e7\u00e3o da pavimenta\u00e7\u00e3o da Rua Maria Joaquina da Silva, Bairro Severino Afonso.<\/span><\/p>\n<p style=\"text-align: justify;\"><b>Requerimento<\/b><span style=\"font-weight: 400;\"> Para que viabilize a coloca\u00e7\u00e3o de bra\u00e7os e l\u00e2mpadas em tr\u00eas postes, localizado no s\u00edtio Cacimba Cercado, 4\u00ba Distrito, esses postes n\u00e3o tem numera\u00e7\u00e3o, mas o ponto de referencia \u00e9 o seguinte: Ao lado da casa de Gaspar e em frente \u00e0 casa de Edson Bodero.<\/span><\/p>\n<p style=\"text-align: justify;\"><b>Requerimento<\/b><span style=\"font-weight: 400;\"> Para que se viabilize a complementa\u00e7\u00e3o da pavimenta\u00e7\u00e3o da Rua Capit\u00e3o Rufino, localizada na Comunidade do S\u00edtio Riacho Doce.<\/span><\/p>\n<p style=\"text-align: justify;\">Foto: Divulga\u00e7\u00e3o.<\/p>\n<p style=\"text-align: justify;\">Siga o Instagram do Blog @blogdoedvaldomagalhaes<\/p>\n","protected":false},"excerpt":{"rendered":"<p>REQUERIMENTOS SOLICITADOS DE AUTORIA DO VEREADOR IRM\u00c3O RONALDO\u00a0 Requerimento Anteprojeto: Disp\u00f5e sobre a realiza\u00e7\u00e3o de Teste do Olhinho nas Unidades&hellip;<\/p>\n","protected":false},"author":1,"featured_media":95487,"comment_status":"closed","ping_status":"open","sticky":false,"template":"","format":"standard","meta":{"footnotes":""},"categories":[14122],"tags":[2,19532,3406,20,27456],"class_list":["post-95734","post","type-post","status-publish","format-standard","has-post-thumbnail","hentry","category-politica","tag-blog-do-edvaldo-magalhaes","tag-blog-mais-acessado-e-visualizado-de-caruaru-e-regiao","tag-caruaru","tag-politica","tag-vereador-irmao-ronaldo-pede-teste-do-olhinho-nas-ubs-e-brinquedos-para-criancas-com-necessidades-especiais-nas-pracas"],"_links":{"self":[{"href":"https:\/\/blogdoedvaldomagalhaes.com.br\/index.php\/wp-json\/wp\/v2\/posts\/95734","targetHints":{"allow":["GET"]}}],"collection":[{"href":"https:\/\/blogdoedvaldomagalhaes.com.br\/index.php\/wp-json\/wp\/v2\/posts"}],"about":[{"href":"https:\/\/blogdoedvaldomagalhaes.com.br\/index.php\/wp-json\/wp\/v2\/types\/post"}],"author":[{"embeddable":true,"href":"https:\/\/blogdoedvaldomagalhaes.com.br\/index.php\/wp-json\/wp\/v2\/users\/1"}],"replies":[{"embeddable":true,"href":"https:\/\/blogdoedvaldomagalhaes.com.br\/index.php\/wp-json\/wp\/v2\/comments?post=95734"}],"version-history":[{"count":1,"href":"https:\/\/blogdoedvaldomagalhaes.com.br\/index.php\/wp-json\/wp\/v2\/posts\/95734\/revisions"}],"predecessor-version":[{"id":95735,"href":"https:\/\/blogdoedvaldomagalhaes.com.br\/index.php\/wp-json\/wp\/v2\/posts\/95734\/revisions\/95735"}],"wp:featuredmedia":[{"embeddable":true,"href":"https:\/\/blogdoedvaldomagalhaes.com.br\/index.php\/wp-json\/wp\/v2\/media\/95487"}],"wp:attachment":[{"href":"https:\/\/blogdoedvaldomagalhaes.com.br\/index.php\/wp-json\/wp\/v2\/media?parent=95734"}],"wp:term":[{"taxonomy":"category","embeddable":true,"href":"https:\/\/blogdoedvaldomagalhaes.com.br\/index.php\/wp-json\/wp\/v2\/categories?post=95734"},{"taxonomy":"post_tag","embeddable":true,"href":"https:\/\/blogdoedvaldomagalhaes.com.br\/index.php\/wp-json\/wp\/v2\/tags?post=95734"}],"curies":[{"name":"wp","href":"https:\/\/api.w.org\/{rel}","templated":true}]}}