{"id":95727,"date":"2023-05-04T16:52:20","date_gmt":"2023-05-04T19:52:20","guid":{"rendered":"https:\/\/blogdoedvaldomagalhaes.com.br\/?p=95727"},"modified":"2023-05-04T16:53:10","modified_gmt":"2023-05-04T19:53:10","slug":"leonardo-chaves-o-prefeito-fez-um-gol-de-placa-quando-ele-separou-o-sao-joao-da-roca-do-sao-joao-do-patio","status":"publish","type":"post","link":"https:\/\/blogdoedvaldomagalhaes.com.br\/index.php\/2023\/05\/04\/leonardo-chaves-o-prefeito-fez-um-gol-de-placa-quando-ele-separou-o-sao-joao-da-roca-do-sao-joao-do-patio\/","title":{"rendered":"Leonardo Chaves: &#8220;O prefeito fez um gol de placa, quando ele separou o S\u00e3o Jo\u00e3o da Ro\u00e7a do S\u00e3o Jo\u00e3o do P\u00e1tio&#8221;"},"content":{"rendered":"<p style=\"text-align: justify;\">O vereador Leonardo Chaves usou a tribuna na \u00faltima ter\u00e7a-feira, 02 de maio, para comentar sobre o bem sucedido S\u00e3o Jo\u00e3o da Ro\u00e7a, que esse ano ganhou novo formato possibilitando alcan\u00e7ar 13 comunidades da Zona Rural do munic\u00edpio e ampliar por mais de 60 dias a programa\u00e7\u00e3o junina.<br \/>\nO edil lembrou que foi um requerimento seu, ainda em janeiro de 2017, enviado \u00e0 ent\u00e3o prefeita Raquel Lyra e \u00e0 Funda\u00e7\u00e3o de Cultura, para estudar a possibilidade de montar Polos de anima\u00e7\u00e3o nos quatro Distritos no per\u00edodo do S\u00e3o Jo\u00e3o de Caruaru.<br \/>\nA import\u00e2ncia de expandir a cultura popular caruaruense nas comunidades rurais, manter a caracteriza\u00e7\u00e3o folcl\u00f3rica e tamb\u00e9m mostrar as novas gera\u00e7\u00f5es os valores dos compositores, artistas e dan\u00e7arinos mantendo a tradi\u00e7\u00e3o do S\u00e3o Jo\u00e3o est\u00e1 dentro desse contexto colocado pelo vereador j\u00e1 foi provado que deu certo nos anos anteriores e, pode ser facilmente percebido agora nessa amplia\u00e7\u00e3o executada por Rodrigo Pinheiro.<br \/>\n&#8220;O prefeito fez um gol de placa, quando ele separou o S\u00e3o Jo\u00e3o da Ro\u00e7a do S\u00e3o Jo\u00e3o do P\u00e1tio. Antes t\u00ednhamos que estar nos dois locais quase que ao mesmo tempo, e vemos j\u00e1 no primeiro final de semana que a festa foi brilhante, muito boa e o povo da zona rural est\u00e1 muito satisfeito&#8221; comentou na sua fala, Leonardo Chaves.<\/p>\n<p>Por Paulo Nailson.<\/p>\n<p style=\"text-align: justify;\">Foto: Vladimir Barreto.<\/p>\n<p style=\"text-align: justify;\">Siga o Instagram do Blog @blogdoedvaldomagalhaes<\/p>\n","protected":false},"excerpt":{"rendered":"<p>O vereador Leonardo Chaves usou a tribuna na \u00faltima ter\u00e7a-feira, 02 de maio, para comentar sobre o bem sucedido S\u00e3o&hellip;<\/p>\n","protected":false},"author":1,"featured_media":95728,"comment_status":"closed","ping_status":"open","sticky":false,"template":"","format":"standard","meta":{"footnotes":""},"categories":[14122],"tags":[27410,2,19532,4648,20],"class_list":["post-95727","post","type-post","status-publish","format-standard","has-post-thumbnail","hentry","category-politica","tag-blog-de-caruaru","tag-blog-do-edvaldo-magalhaes","tag-blog-mais-acessado-e-visualizado-de-caruaru-e-regiao","tag-leonardo-chaves","tag-politica"],"_links":{"self":[{"href":"https:\/\/blogdoedvaldomagalhaes.com.br\/index.php\/wp-json\/wp\/v2\/posts\/95727","targetHints":{"allow":["GET"]}}],"collection":[{"href":"https:\/\/blogdoedvaldomagalhaes.com.br\/index.php\/wp-json\/wp\/v2\/posts"}],"about":[{"href":"https:\/\/blogdoedvaldomagalhaes.com.br\/index.php\/wp-json\/wp\/v2\/types\/post"}],"author":[{"embeddable":true,"href":"https:\/\/blogdoedvaldomagalhaes.com.br\/index.php\/wp-json\/wp\/v2\/users\/1"}],"replies":[{"embeddable":true,"href":"https:\/\/blogdoedvaldomagalhaes.com.br\/index.php\/wp-json\/wp\/v2\/comments?post=95727"}],"version-history":[{"count":2,"href":"https:\/\/blogdoedvaldomagalhaes.com.br\/index.php\/wp-json\/wp\/v2\/posts\/95727\/revisions"}],"predecessor-version":[{"id":95730,"href":"https:\/\/blogdoedvaldomagalhaes.com.br\/index.php\/wp-json\/wp\/v2\/posts\/95727\/revisions\/95730"}],"wp:featuredmedia":[{"embeddable":true,"href":"https:\/\/blogdoedvaldomagalhaes.com.br\/index.php\/wp-json\/wp\/v2\/media\/95728"}],"wp:attachment":[{"href":"https:\/\/blogdoedvaldomagalhaes.com.br\/index.php\/wp-json\/wp\/v2\/media?parent=95727"}],"wp:term":[{"taxonomy":"category","embeddable":true,"href":"https:\/\/blogdoedvaldomagalhaes.com.br\/index.php\/wp-json\/wp\/v2\/categories?post=95727"},{"taxonomy":"post_tag","embeddable":true,"href":"https:\/\/blogdoedvaldomagalhaes.com.br\/index.php\/wp-json\/wp\/v2\/tags?post=95727"}],"curies":[{"name":"wp","href":"https:\/\/api.w.org\/{rel}","templated":true}]}}