{"id":95724,"date":"2023-05-04T13:24:55","date_gmt":"2023-05-04T16:24:55","guid":{"rendered":"https:\/\/blogdoedvaldomagalhaes.com.br\/?p=95724"},"modified":"2023-05-04T13:24:55","modified_gmt":"2023-05-04T16:24:55","slug":"presidente-do-sismuc-regional-participa-de-reuniao-na-prefeitura-de-caruaru","status":"publish","type":"post","link":"https:\/\/blogdoedvaldomagalhaes.com.br\/index.php\/2023\/05\/04\/presidente-do-sismuc-regional-participa-de-reuniao-na-prefeitura-de-caruaru\/","title":{"rendered":"Presidente do SISMUC \u2013 Regional participa de reuni\u00e3o na Prefeitura de Caruaru"},"content":{"rendered":"<p style=\"text-align: justify;\"><span style=\"font-size: revert;\">O Presidente do SISMUC &#8211; Regional, Eduardo Mendon\u00e7a, participou de uma reuni\u00e3o na manh\u00e3 da ter\u00e7a-feira (02), junto com servidores representantes de diversas categorias, bem como: motoristas, lactaristas, porteiros, entre outros, na sede da Prefeitura de Caruaru.<\/span><\/p>\n<p style=\"text-align: justify;\">O encontro ocorreu entre o grupo e um porta voz do poder executivo. A pauta de reivindica\u00e7\u00e3o foi sobre equipara\u00e7\u00e3o de sal\u00e1rios, incentivos, plano de cargos e carreiras, insalubridade, respostas de of\u00edcios encaminhados e demais assuntos.<\/p>\n<p style=\"text-align: justify;\">As categorias j\u00e1 amea\u00e7aram paralisar as atividades, devido a morosidade no retorno dessas reivindica\u00e7\u00f5es, por\u00e9m, ir\u00e3o aguardar o retorno da gest\u00e3o municipal por alguns dias. Vale lembrar que Caruaru, assim como as demais cidades do Agreste tem in\u00fameras categorias em seu quadro e todas precisam de reconhecimento e cumprimento da lei. Foto: Divulga\u00e7\u00e3o.<\/p>\n<p style=\"text-align: justify;\">Siga o Instagram do Blog @blogdoedvaldomagalhaes<\/p>\n","protected":false},"excerpt":{"rendered":"<p>O Presidente do SISMUC &#8211; Regional, Eduardo Mendon\u00e7a, participou de uma reuni\u00e3o na manh\u00e3 da ter\u00e7a-feira (02), junto com servidores&hellip;<\/p>\n","protected":false},"author":1,"featured_media":95725,"comment_status":"closed","ping_status":"open","sticky":false,"template":"","format":"standard","meta":{"footnotes":""},"categories":[14120],"tags":[2,19532,3406,27453],"class_list":["post-95724","post","type-post","status-publish","format-standard","has-post-thumbnail","hentry","category-noticias","tag-blog-do-edvaldo-magalhaes","tag-blog-mais-acessado-e-visualizado-de-caruaru-e-regiao","tag-caruaru","tag-presidente-do-sismuc-regional-participa-de-reuniao-na-prefeitura-de-caruaru"],"_links":{"self":[{"href":"https:\/\/blogdoedvaldomagalhaes.com.br\/index.php\/wp-json\/wp\/v2\/posts\/95724","targetHints":{"allow":["GET"]}}],"collection":[{"href":"https:\/\/blogdoedvaldomagalhaes.com.br\/index.php\/wp-json\/wp\/v2\/posts"}],"about":[{"href":"https:\/\/blogdoedvaldomagalhaes.com.br\/index.php\/wp-json\/wp\/v2\/types\/post"}],"author":[{"embeddable":true,"href":"https:\/\/blogdoedvaldomagalhaes.com.br\/index.php\/wp-json\/wp\/v2\/users\/1"}],"replies":[{"embeddable":true,"href":"https:\/\/blogdoedvaldomagalhaes.com.br\/index.php\/wp-json\/wp\/v2\/comments?post=95724"}],"version-history":[{"count":1,"href":"https:\/\/blogdoedvaldomagalhaes.com.br\/index.php\/wp-json\/wp\/v2\/posts\/95724\/revisions"}],"predecessor-version":[{"id":95726,"href":"https:\/\/blogdoedvaldomagalhaes.com.br\/index.php\/wp-json\/wp\/v2\/posts\/95724\/revisions\/95726"}],"wp:featuredmedia":[{"embeddable":true,"href":"https:\/\/blogdoedvaldomagalhaes.com.br\/index.php\/wp-json\/wp\/v2\/media\/95725"}],"wp:attachment":[{"href":"https:\/\/blogdoedvaldomagalhaes.com.br\/index.php\/wp-json\/wp\/v2\/media?parent=95724"}],"wp:term":[{"taxonomy":"category","embeddable":true,"href":"https:\/\/blogdoedvaldomagalhaes.com.br\/index.php\/wp-json\/wp\/v2\/categories?post=95724"},{"taxonomy":"post_tag","embeddable":true,"href":"https:\/\/blogdoedvaldomagalhaes.com.br\/index.php\/wp-json\/wp\/v2\/tags?post=95724"}],"curies":[{"name":"wp","href":"https:\/\/api.w.org\/{rel}","templated":true}]}}