{"id":95624,"date":"2023-05-01T13:44:28","date_gmt":"2023-05-01T16:44:28","guid":{"rendered":"https:\/\/blogdoedvaldomagalhaes.com.br\/?p=95624"},"modified":"2023-05-01T13:47:42","modified_gmt":"2023-05-01T16:47:42","slug":"armas-apreendidas-em-clube-de-tiros-de-caruaru-serao-usadas-pela-pm","status":"publish","type":"post","link":"https:\/\/blogdoedvaldomagalhaes.com.br\/index.php\/2023\/05\/01\/armas-apreendidas-em-clube-de-tiros-de-caruaru-serao-usadas-pela-pm\/","title":{"rendered":"Armas apreendidas em clube de tiros de Caruaru, ser\u00e3o usadas pela PM"},"content":{"rendered":"<p style=\"text-align: justify;\"><span style=\"font-size: revert;\">Armas apreendidas na opera\u00e7\u00e3o Zona Cinza que teve duas fases em clube de tiros de Caruaru e foram autorizadas para serem usadas pela Pol\u00edcia Militar. Ao todo foram apreendidas mais 2.555 armas sendo esta a maior opera\u00e7\u00e3o nos \u00faltimos 10 anos. A autoriza\u00e7\u00e3o de uso foi concedida pelo Tribunal Regional Federal da 5\u00aa regi\u00e3o que aceitou o pedido da Pol\u00edcia Federal.<\/span><\/p>\n<p style=\"text-align: justify;\">A cerim\u00f4nia de entrega das armas ser\u00e1 nesta ter\u00e7a-feira (02\/05), \u00e0s 10h no audit\u00f3rio da Dire\u00e7\u00e3o de Planejamento Opera\u00e7\u00e3o-DPO \u2013 no Quartel do Comando Geral da Pol\u00edcia Militar\/PE que fica localizado na pra\u00e7a do Derby s\/n \u2013 Derby \u2013 Recife\/PE e ser\u00e1 aberta para a imprensa pernambucana.<\/p>\n<p style=\"text-align: justify;\">Na ocasi\u00e3o da cerim\u00f4nia de entrega estar\u00e3o presentes o Superintendente da Pol\u00edcia Federal em Pernambuco \u2013 Antonio de P\u00e1dua Vieira Cavalcanti \u2013 a Secret\u00e1ria de Defesa Social\/PE \u2013 Carla Patr\u00edcia Cunha e o Comandante Geral da Pol\u00edcia Militar em Pernambuco \u2013 Coronel PM \u2013 Tib\u00e9rio C\u00e9sar do Santos.<\/p>\n<p style=\"text-align: justify;\">A Opera\u00e7\u00e3o Zona Cinza teve duas fases a primeira em 21\/10\/2022 e a segunda em 05\/12\/2022 &#8211; Ao longo da a\u00e7\u00e3o investigativa foi identificada a exist\u00eancia de organiza\u00e7\u00e3o criminosa dedicada \u00e0 produ\u00e7\u00e3o de documentos ideologicamente falsos e o uso desses documentos para viabilizar e dar apar\u00eancia de legalidade tanto ao com\u00e9rcio, quanto ao porte ilegal de armas de fogo. Al\u00e9m disso, o grupo utilizaria pessoas jur\u00eddicas como instrumentos para produzir entrevistas, v\u00eddeos e outros conte\u00fados, e difundir em nome delas, sobretudo por meio da internet, publicidades ilegais para a venda, estimulando o uso indiscriminado de armas de fogo e incitando a pr\u00e1tica de crimes.<\/p>\n","protected":false},"excerpt":{"rendered":"<p>Armas apreendidas na opera\u00e7\u00e3o Zona Cinza que teve duas fases em clube de tiros de Caruaru e foram autorizadas para&hellip;<\/p>\n","protected":false},"author":1,"featured_media":95627,"comment_status":"closed","ping_status":"open","sticky":false,"template":"","format":"standard","meta":{"footnotes":""},"categories":[14120],"tags":[27426,19532,3406],"class_list":["post-95624","post","type-post","status-publish","format-standard","has-post-thumbnail","hentry","category-noticias","tag-armas-apreendidas-em-clube-de-tiros-de-caruaru-serao-usadas-pela-pm","tag-blog-mais-acessado-e-visualizado-de-caruaru-e-regiao","tag-caruaru"],"_links":{"self":[{"href":"https:\/\/blogdoedvaldomagalhaes.com.br\/index.php\/wp-json\/wp\/v2\/posts\/95624","targetHints":{"allow":["GET"]}}],"collection":[{"href":"https:\/\/blogdoedvaldomagalhaes.com.br\/index.php\/wp-json\/wp\/v2\/posts"}],"about":[{"href":"https:\/\/blogdoedvaldomagalhaes.com.br\/index.php\/wp-json\/wp\/v2\/types\/post"}],"author":[{"embeddable":true,"href":"https:\/\/blogdoedvaldomagalhaes.com.br\/index.php\/wp-json\/wp\/v2\/users\/1"}],"replies":[{"embeddable":true,"href":"https:\/\/blogdoedvaldomagalhaes.com.br\/index.php\/wp-json\/wp\/v2\/comments?post=95624"}],"version-history":[{"count":2,"href":"https:\/\/blogdoedvaldomagalhaes.com.br\/index.php\/wp-json\/wp\/v2\/posts\/95624\/revisions"}],"predecessor-version":[{"id":95628,"href":"https:\/\/blogdoedvaldomagalhaes.com.br\/index.php\/wp-json\/wp\/v2\/posts\/95624\/revisions\/95628"}],"wp:featuredmedia":[{"embeddable":true,"href":"https:\/\/blogdoedvaldomagalhaes.com.br\/index.php\/wp-json\/wp\/v2\/media\/95627"}],"wp:attachment":[{"href":"https:\/\/blogdoedvaldomagalhaes.com.br\/index.php\/wp-json\/wp\/v2\/media?parent=95624"}],"wp:term":[{"taxonomy":"category","embeddable":true,"href":"https:\/\/blogdoedvaldomagalhaes.com.br\/index.php\/wp-json\/wp\/v2\/categories?post=95624"},{"taxonomy":"post_tag","embeddable":true,"href":"https:\/\/blogdoedvaldomagalhaes.com.br\/index.php\/wp-json\/wp\/v2\/tags?post=95624"}],"curies":[{"name":"wp","href":"https:\/\/api.w.org\/{rel}","templated":true}]}}