{"id":95620,"date":"2023-05-01T10:29:43","date_gmt":"2023-05-01T13:29:43","guid":{"rendered":"https:\/\/blogdoedvaldomagalhaes.com.br\/?p=95620"},"modified":"2023-05-01T10:29:45","modified_gmt":"2023-05-01T13:29:45","slug":"primeiro-fim-de-semana-de-sao-joao-na-roca-foi-sucesso-total-em-caruaru","status":"publish","type":"post","link":"https:\/\/blogdoedvaldomagalhaes.com.br\/index.php\/2023\/05\/01\/primeiro-fim-de-semana-de-sao-joao-na-roca-foi-sucesso-total-em-caruaru\/","title":{"rendered":"Primeiro fim de semana de S\u00e3o Jo\u00e3o na Ro\u00e7a foi sucesso total em Caruaru"},"content":{"rendered":"<p style=\"text-align: justify;\"><span style=\"color: initial; font-size: revert;\">Pela primeira vez, dentro do cronograma oficial do S\u00e3o Jo\u00e3o na Ro\u00e7a, a comunidade do Murici foi a terceira localidade a receber os festejos, encerrando assim, o primeiro fim de semana oficial do S\u00e3o Jo\u00e3o de Caruaru.<\/span><\/p>\n<p style=\"text-align: justify;\">Criado em 2017, o S\u00e3o Jo\u00e3o na Ro\u00e7a 2023 passar\u00e1 por 13 localidades da zona rural de Caruaru. Com uma estrutura montada em um caminh\u00e3o-palco, al\u00e9m de levar muito forr\u00f3 e anima\u00e7\u00e3o para a localidade, o objetivo tamb\u00e9m \u00e9 de descentralizar a festa, fazendo com que o maior n\u00famero de pessoas possam conhecer e desfrutar dos festejos urbanos e rurais.<\/p>\n<p style=\"text-align: justify;\">Para a comerciante e moradora da vila, a passagem da caravana al\u00e9m de trazer muita alegria e anima\u00e7\u00e3o ao local, tamb\u00e9m movimenta o com\u00e9rcio como um todo. &#8220;Nossa comunidade est\u00e1 muito feliz em fazer parte do calend\u00e1rio oficial do S\u00e3o Jo\u00e3o na Ro\u00e7a. Aqui, estamos movimentando nossa economia local, gerando um lucro extra e, claro, curtindo os festejos&#8221;, frisou Rosana.<\/p>\n<p style=\"text-align: justify;\">O S\u00e3o Jo\u00e3o 2023 &#8211; Cada Vez Maior e Melhor foi aberto oficialmente na \u00faltima sexta-feira, 28, com o circuito do S\u00e3o Jo\u00e3o na Ro\u00e7a, que ainda percorrer\u00e1 mais 10 localidades, encerrando suas festividades no dia 2 de junho para dar in\u00edcio ao S\u00e3o Jo\u00e3o urbano no dia seguinte.<\/p>\n<p style=\"text-align: justify;\">Para o pr\u00f3ximo fim de semana, as localidades contempladas ser\u00e3o a Vila do Rafael e Lajes, respectivamente.<\/p>\n\n\n<figure class=\"wp-block-image size-large\"><img loading=\"lazy\" decoding=\"async\" width=\"1024\" height=\"576\" src=\"https:\/\/blogdoedvaldomagalhaes.com.br\/wp-content\/uploads\/2023\/05\/IMG-20230501-WA00382-1024x576.jpg\" alt=\"\" class=\"wp-image-95622\" srcset=\"https:\/\/blogdoedvaldomagalhaes.com.br\/wp-content\/uploads\/2023\/05\/IMG-20230501-WA00382-1024x576.jpg 1024w, https:\/\/blogdoedvaldomagalhaes.com.br\/wp-content\/uploads\/2023\/05\/IMG-20230501-WA00382-300x169.jpg 300w, https:\/\/blogdoedvaldomagalhaes.com.br\/wp-content\/uploads\/2023\/05\/IMG-20230501-WA00382-768x432.jpg 768w, https:\/\/blogdoedvaldomagalhaes.com.br\/wp-content\/uploads\/2023\/05\/IMG-20230501-WA00382-1140x641.jpg 1140w, https:\/\/blogdoedvaldomagalhaes.com.br\/wp-content\/uploads\/2023\/05\/IMG-20230501-WA00382-720x405.jpg 720w, https:\/\/blogdoedvaldomagalhaes.com.br\/wp-content\/uploads\/2023\/05\/IMG-20230501-WA00382.jpg 1500w\" sizes=\"auto, (max-width: 1024px) 100vw, 1024px\" \/><figcaption class=\"wp-element-caption\">Fotos: Felipe Correia e Elvis \u00c9dson <\/figcaption><\/figure>\n","protected":false},"excerpt":{"rendered":"<p>Pela primeira vez, dentro do cronograma oficial do S\u00e3o Jo\u00e3o na Ro\u00e7a, a comunidade do Murici foi a terceira localidade&hellip;<\/p>\n","protected":false},"author":1,"featured_media":95621,"comment_status":"closed","ping_status":"open","sticky":false,"template":"","format":"standard","meta":{"footnotes":""},"categories":[14120],"tags":[27410,2,19532,3406,27425,6758],"class_list":["post-95620","post","type-post","status-publish","format-standard","has-post-thumbnail","hentry","category-noticias","tag-blog-de-caruaru","tag-blog-do-edvaldo-magalhaes","tag-blog-mais-acessado-e-visualizado-de-caruaru-e-regiao","tag-caruaru","tag-primeiro-fim-de-semana-de-sao-joao-na-roca-foi-sucesso-total-em-caruaru","tag-sao-joao"],"_links":{"self":[{"href":"https:\/\/blogdoedvaldomagalhaes.com.br\/index.php\/wp-json\/wp\/v2\/posts\/95620","targetHints":{"allow":["GET"]}}],"collection":[{"href":"https:\/\/blogdoedvaldomagalhaes.com.br\/index.php\/wp-json\/wp\/v2\/posts"}],"about":[{"href":"https:\/\/blogdoedvaldomagalhaes.com.br\/index.php\/wp-json\/wp\/v2\/types\/post"}],"author":[{"embeddable":true,"href":"https:\/\/blogdoedvaldomagalhaes.com.br\/index.php\/wp-json\/wp\/v2\/users\/1"}],"replies":[{"embeddable":true,"href":"https:\/\/blogdoedvaldomagalhaes.com.br\/index.php\/wp-json\/wp\/v2\/comments?post=95620"}],"version-history":[{"count":1,"href":"https:\/\/blogdoedvaldomagalhaes.com.br\/index.php\/wp-json\/wp\/v2\/posts\/95620\/revisions"}],"predecessor-version":[{"id":95623,"href":"https:\/\/blogdoedvaldomagalhaes.com.br\/index.php\/wp-json\/wp\/v2\/posts\/95620\/revisions\/95623"}],"wp:featuredmedia":[{"embeddable":true,"href":"https:\/\/blogdoedvaldomagalhaes.com.br\/index.php\/wp-json\/wp\/v2\/media\/95621"}],"wp:attachment":[{"href":"https:\/\/blogdoedvaldomagalhaes.com.br\/index.php\/wp-json\/wp\/v2\/media?parent=95620"}],"wp:term":[{"taxonomy":"category","embeddable":true,"href":"https:\/\/blogdoedvaldomagalhaes.com.br\/index.php\/wp-json\/wp\/v2\/categories?post=95620"},{"taxonomy":"post_tag","embeddable":true,"href":"https:\/\/blogdoedvaldomagalhaes.com.br\/index.php\/wp-json\/wp\/v2\/tags?post=95620"}],"curies":[{"name":"wp","href":"https:\/\/api.w.org\/{rel}","templated":true}]}}