{"id":95614,"date":"2023-04-30T20:09:25","date_gmt":"2023-04-30T23:09:25","guid":{"rendered":"https:\/\/blogdoedvaldomagalhaes.com.br\/?p=95614"},"modified":"2023-04-30T20:09:26","modified_gmt":"2023-04-30T23:09:26","slug":"galego-de-lajes-trata-das-solicitacoes-dos-moradores-da-vila-malhada-de-barreiras-queimadas-com-prefeito-e-secretarios-municipais","status":"publish","type":"post","link":"https:\/\/blogdoedvaldomagalhaes.com.br\/index.php\/2023\/04\/30\/galego-de-lajes-trata-das-solicitacoes-dos-moradores-da-vila-malhada-de-barreiras-queimadas-com-prefeito-e-secretarios-municipais\/","title":{"rendered":"Galego de Lajes trata das solicita\u00e7\u00f5es dos moradores da Vila Malhada de Barreiras Queimadas com prefeito e secret\u00e1rios municipais"},"content":{"rendered":"<p style=\"text-align: justify;\">O vereador Galego de Lajes, esteve na tarde desse s\u00e1bado (29), junto ao Prefeito Rodrigo Pinheiro e Secret\u00e1rios, visitando a Comunidade de Malhada de Barreiras Queimadas. Na ocasi\u00e3o, trataram das solicita\u00e7\u00f5es dos moradores, que tamb\u00e9m agradeceram pelos servi\u00e7os prestados naquela localidade, que s\u00e3o de grande benfeitoria para todos os moradores.<\/p>\n<p style=\"text-align: justify;\">Siga o Instagram do Blog @blogdoedvaldomagalhaes<\/p>\n\n\n<figure class=\"wp-block-image size-large\"><img loading=\"lazy\" decoding=\"async\" width=\"1024\" height=\"1024\" src=\"https:\/\/blogdoedvaldomagalhaes.com.br\/wp-content\/uploads\/2023\/04\/1549C18F-E9D0-42AC-BB1A-2DEE9B8240FD-1024x1024.jpeg\" alt=\"\" class=\"wp-image-95616\" srcset=\"https:\/\/blogdoedvaldomagalhaes.com.br\/wp-content\/uploads\/2023\/04\/1549C18F-E9D0-42AC-BB1A-2DEE9B8240FD-1024x1024.jpeg 1024w, https:\/\/blogdoedvaldomagalhaes.com.br\/wp-content\/uploads\/2023\/04\/1549C18F-E9D0-42AC-BB1A-2DEE9B8240FD-300x300.jpeg 300w, https:\/\/blogdoedvaldomagalhaes.com.br\/wp-content\/uploads\/2023\/04\/1549C18F-E9D0-42AC-BB1A-2DEE9B8240FD-150x150.jpeg 150w, https:\/\/blogdoedvaldomagalhaes.com.br\/wp-content\/uploads\/2023\/04\/1549C18F-E9D0-42AC-BB1A-2DEE9B8240FD-768x768.jpeg 768w, https:\/\/blogdoedvaldomagalhaes.com.br\/wp-content\/uploads\/2023\/04\/1549C18F-E9D0-42AC-BB1A-2DEE9B8240FD.jpeg 1080w\" sizes=\"auto, (max-width: 1024px) 100vw, 1024px\" \/><figcaption class=\"wp-element-caption\">Foto: Divulga\u00e7\u00e3o <\/figcaption><\/figure>\n","protected":false},"excerpt":{"rendered":"<p>O vereador Galego de Lajes, esteve na tarde desse s\u00e1bado (29), junto ao Prefeito Rodrigo Pinheiro e Secret\u00e1rios, visitando a&hellip;<\/p>\n","protected":false},"author":1,"featured_media":95615,"comment_status":"closed","ping_status":"open","sticky":false,"template":"","format":"standard","meta":{"footnotes":""},"categories":[14122],"tags":[2,19532,3406,27424,20295],"class_list":["post-95614","post","type-post","status-publish","format-standard","has-post-thumbnail","hentry","category-politica","tag-blog-do-edvaldo-magalhaes","tag-blog-mais-acessado-e-visualizado-de-caruaru-e-regiao","tag-caruaru","tag-galego-de-lajes-trata-de-solicitacoes-dos-moradores-da-vila-barreiras-queimadas-com-prefeito-e-secretarios-municipais","tag-politica-2"],"_links":{"self":[{"href":"https:\/\/blogdoedvaldomagalhaes.com.br\/index.php\/wp-json\/wp\/v2\/posts\/95614","targetHints":{"allow":["GET"]}}],"collection":[{"href":"https:\/\/blogdoedvaldomagalhaes.com.br\/index.php\/wp-json\/wp\/v2\/posts"}],"about":[{"href":"https:\/\/blogdoedvaldomagalhaes.com.br\/index.php\/wp-json\/wp\/v2\/types\/post"}],"author":[{"embeddable":true,"href":"https:\/\/blogdoedvaldomagalhaes.com.br\/index.php\/wp-json\/wp\/v2\/users\/1"}],"replies":[{"embeddable":true,"href":"https:\/\/blogdoedvaldomagalhaes.com.br\/index.php\/wp-json\/wp\/v2\/comments?post=95614"}],"version-history":[{"count":1,"href":"https:\/\/blogdoedvaldomagalhaes.com.br\/index.php\/wp-json\/wp\/v2\/posts\/95614\/revisions"}],"predecessor-version":[{"id":95617,"href":"https:\/\/blogdoedvaldomagalhaes.com.br\/index.php\/wp-json\/wp\/v2\/posts\/95614\/revisions\/95617"}],"wp:featuredmedia":[{"embeddable":true,"href":"https:\/\/blogdoedvaldomagalhaes.com.br\/index.php\/wp-json\/wp\/v2\/media\/95615"}],"wp:attachment":[{"href":"https:\/\/blogdoedvaldomagalhaes.com.br\/index.php\/wp-json\/wp\/v2\/media?parent=95614"}],"wp:term":[{"taxonomy":"category","embeddable":true,"href":"https:\/\/blogdoedvaldomagalhaes.com.br\/index.php\/wp-json\/wp\/v2\/categories?post=95614"},{"taxonomy":"post_tag","embeddable":true,"href":"https:\/\/blogdoedvaldomagalhaes.com.br\/index.php\/wp-json\/wp\/v2\/tags?post=95614"}],"curies":[{"name":"wp","href":"https:\/\/api.w.org\/{rel}","templated":true}]}}