{"id":95611,"date":"2023-04-30T19:05:41","date_gmt":"2023-04-30T22:05:41","guid":{"rendered":"https:\/\/blogdoedvaldomagalhaes.com.br\/?p=95611"},"modified":"2023-04-30T19:59:35","modified_gmt":"2023-04-30T22:59:35","slug":"parabens-ao-trabalhador-brasileiro-salve-o-1-de-maio-por-jorge-quintino","status":"publish","type":"post","link":"https:\/\/blogdoedvaldomagalhaes.com.br\/index.php\/2023\/04\/30\/parabens-ao-trabalhador-brasileiro-salve-o-1-de-maio-por-jorge-quintino\/","title":{"rendered":"\u201cParab\u00e9ns ao trabalhador brasileiro, salve o 1\u00b0 de maio\u201d, por Jorge Quintino"},"content":{"rendered":"<p style=\"text-align: justify;\"><span style=\"font-size: revert;\">A luta di\u00e1ria do trabalhador tem que ser reverenciada neste dia. Afinal, o trabalho dignifica o ser humano e \u00e9 atrav\u00e9s dele que se busca e se consegue alcan\u00e7ar conquistas n\u00e3o apenas no campo material, mas intelectual e espiritual.<\/span><\/p>\n<p style=\"text-align: justify;\">Neste 1\u00ba de maio de 2023, que todas as b\u00ean\u00e7\u00e3os recaiam sobre o trabalhador que, sem distin\u00e7\u00e3o de categoria, ra\u00e7a, credo ou poder aquisitivo, sempre almeja o melhor e \u00e9 a m\u00e1quina propulsora de toda Na\u00e7\u00e3o.<br \/>\nReafirmo aqui meu compromisso de continuar na defesa da classe trabalhadora, sempre buscando a constru\u00e7\u00e3o de um futuro melhor para todos, pois o crescimento n\u00e3o pode ser um privil\u00e9gio de alguns, afinal todos est\u00e3o participando ativamente na constru\u00e7\u00e3o desse novo Brasil. Esta miss\u00e3o nos renova a certeza de que estamos trilhando o caminho certo na constru\u00e7\u00e3o de uma sociedade mais justa e democr\u00e1tica.<br \/>\nMeu abra\u00e7o, reconhecimento e gratid\u00e3o a todos os companheiros e companheiras. Parab\u00e9ns aos trabalhadores e trabalhadoras do nosso Brasil. Feliz Dia do Trabalho!<\/p>\n<p style=\"text-align: justify;\">Foto: Divulga\u00e7\u00e3o.<\/p>\n<p style=\"text-align: justify;\">Siga o Instagram do Blog @blogdoedvaldomagalhaes<\/p>\n","protected":false},"excerpt":{"rendered":"<p>A luta di\u00e1ria do trabalhador tem que ser reverenciada neste dia. Afinal, o trabalho dignifica o ser humano e \u00e9&hellip;<\/p>\n","protected":false},"author":1,"featured_media":95612,"comment_status":"closed","ping_status":"open","sticky":false,"template":"","format":"standard","meta":{"footnotes":""},"categories":[14122],"tags":[2,19532,3406,20295],"class_list":["post-95611","post","type-post","status-publish","format-standard","has-post-thumbnail","hentry","category-politica","tag-blog-do-edvaldo-magalhaes","tag-blog-mais-acessado-e-visualizado-de-caruaru-e-regiao","tag-caruaru","tag-politica-2"],"_links":{"self":[{"href":"https:\/\/blogdoedvaldomagalhaes.com.br\/index.php\/wp-json\/wp\/v2\/posts\/95611","targetHints":{"allow":["GET"]}}],"collection":[{"href":"https:\/\/blogdoedvaldomagalhaes.com.br\/index.php\/wp-json\/wp\/v2\/posts"}],"about":[{"href":"https:\/\/blogdoedvaldomagalhaes.com.br\/index.php\/wp-json\/wp\/v2\/types\/post"}],"author":[{"embeddable":true,"href":"https:\/\/blogdoedvaldomagalhaes.com.br\/index.php\/wp-json\/wp\/v2\/users\/1"}],"replies":[{"embeddable":true,"href":"https:\/\/blogdoedvaldomagalhaes.com.br\/index.php\/wp-json\/wp\/v2\/comments?post=95611"}],"version-history":[{"count":1,"href":"https:\/\/blogdoedvaldomagalhaes.com.br\/index.php\/wp-json\/wp\/v2\/posts\/95611\/revisions"}],"predecessor-version":[{"id":95613,"href":"https:\/\/blogdoedvaldomagalhaes.com.br\/index.php\/wp-json\/wp\/v2\/posts\/95611\/revisions\/95613"}],"wp:featuredmedia":[{"embeddable":true,"href":"https:\/\/blogdoedvaldomagalhaes.com.br\/index.php\/wp-json\/wp\/v2\/media\/95612"}],"wp:attachment":[{"href":"https:\/\/blogdoedvaldomagalhaes.com.br\/index.php\/wp-json\/wp\/v2\/media?parent=95611"}],"wp:term":[{"taxonomy":"category","embeddable":true,"href":"https:\/\/blogdoedvaldomagalhaes.com.br\/index.php\/wp-json\/wp\/v2\/categories?post=95611"},{"taxonomy":"post_tag","embeddable":true,"href":"https:\/\/blogdoedvaldomagalhaes.com.br\/index.php\/wp-json\/wp\/v2\/tags?post=95611"}],"curies":[{"name":"wp","href":"https:\/\/api.w.org\/{rel}","templated":true}]}}