{"id":95606,"date":"2023-04-30T18:31:37","date_gmt":"2023-04-30T21:31:37","guid":{"rendered":"https:\/\/blogdoedvaldomagalhaes.com.br\/?p=95606"},"modified":"2023-04-30T18:42:57","modified_gmt":"2023-04-30T21:42:57","slug":"homem-e-morto-a-pedradas-em-caruaru-e-acusado-e-preso-em-flagrante","status":"publish","type":"post","link":"https:\/\/blogdoedvaldomagalhaes.com.br\/index.php\/2023\/04\/30\/homem-e-morto-a-pedradas-em-caruaru-e-acusado-e-preso-em-flagrante\/","title":{"rendered":"Homem \u00e9 morto a pedradas em Caruaru, e acusado \u00e9 preso em flagrante"},"content":{"rendered":"<p style=\"text-align: justify;\">A Pol\u00edcia Civil registrou um homic\u00eddio neste domingo (30), em Caruaru. O crime de morte ocorreu por tr\u00e1s do antigo Com\u00e9rcio \u00a0Futebol Clube, no bairro Indian\u00e1polis. Segundo o delegado Erick Costa, houve uma discuss\u00e3o \u00a0e a v\u00edtima foi assassinada a pedradas, em seguida o acusado assaltou um idoso, sendo preso emEste flagrante .<\/p>\n<p style=\"text-align: justify;\">Este foi o 15\u00b0 homic\u00eddio do m\u00eas de abril, e o 50\u00b0 do ano de 2023, em Caruaru.<\/p>\n","protected":false},"excerpt":{"rendered":"<p>A Pol\u00edcia Civil registrou um homic\u00eddio neste domingo (30), em Caruaru. O crime de morte ocorreu por tr\u00e1s do antigo&hellip;<\/p>\n","protected":false},"author":1,"featured_media":33440,"comment_status":"closed","ping_status":"open","sticky":false,"template":"","format":"standard","meta":{"footnotes":""},"categories":[14121],"tags":[2,19532,3406,27423],"class_list":["post-95606","post","type-post","status-publish","format-standard","has-post-thumbnail","hentry","category-policial","tag-blog-do-edvaldo-magalhaes","tag-blog-mais-acessado-e-visualizado-de-caruaru-e-regiao","tag-caruaru","tag-homem-e-morto-a-pedradas-em-caruaru-e-acusado-e-preso-em-flagrante"],"_links":{"self":[{"href":"https:\/\/blogdoedvaldomagalhaes.com.br\/index.php\/wp-json\/wp\/v2\/posts\/95606","targetHints":{"allow":["GET"]}}],"collection":[{"href":"https:\/\/blogdoedvaldomagalhaes.com.br\/index.php\/wp-json\/wp\/v2\/posts"}],"about":[{"href":"https:\/\/blogdoedvaldomagalhaes.com.br\/index.php\/wp-json\/wp\/v2\/types\/post"}],"author":[{"embeddable":true,"href":"https:\/\/blogdoedvaldomagalhaes.com.br\/index.php\/wp-json\/wp\/v2\/users\/1"}],"replies":[{"embeddable":true,"href":"https:\/\/blogdoedvaldomagalhaes.com.br\/index.php\/wp-json\/wp\/v2\/comments?post=95606"}],"version-history":[{"count":3,"href":"https:\/\/blogdoedvaldomagalhaes.com.br\/index.php\/wp-json\/wp\/v2\/posts\/95606\/revisions"}],"predecessor-version":[{"id":95610,"href":"https:\/\/blogdoedvaldomagalhaes.com.br\/index.php\/wp-json\/wp\/v2\/posts\/95606\/revisions\/95610"}],"wp:featuredmedia":[{"embeddable":true,"href":"https:\/\/blogdoedvaldomagalhaes.com.br\/index.php\/wp-json\/wp\/v2\/media\/33440"}],"wp:attachment":[{"href":"https:\/\/blogdoedvaldomagalhaes.com.br\/index.php\/wp-json\/wp\/v2\/media?parent=95606"}],"wp:term":[{"taxonomy":"category","embeddable":true,"href":"https:\/\/blogdoedvaldomagalhaes.com.br\/index.php\/wp-json\/wp\/v2\/categories?post=95606"},{"taxonomy":"post_tag","embeddable":true,"href":"https:\/\/blogdoedvaldomagalhaes.com.br\/index.php\/wp-json\/wp\/v2\/tags?post=95606"}],"curies":[{"name":"wp","href":"https:\/\/api.w.org\/{rel}","templated":true}]}}