{"id":95592,"date":"2023-04-30T12:31:16","date_gmt":"2023-04-30T15:31:16","guid":{"rendered":"https:\/\/blogdoedvaldomagalhaes.com.br\/?p=95592"},"modified":"2023-04-30T15:41:24","modified_gmt":"2023-04-30T18:41:24","slug":"morre-no-hra-guarda-municipal-vitima-de-bala-perdida-em-caruaru","status":"publish","type":"post","link":"https:\/\/blogdoedvaldomagalhaes.com.br\/index.php\/2023\/04\/30\/morre-no-hra-guarda-municipal-vitima-de-bala-perdida-em-caruaru\/","title":{"rendered":"Morre no HRA Guarda Municipal v\u00edtima de bala perdida, em Caruaru"},"content":{"rendered":"<p style=\"text-align: justify;\">Morreu neste domingo (30), no Hospital Regional do Agreste (HRA), em Caruaru, o guarda municipal Jos\u00e9 Iderlan Sim\u00f5es Couto, 23 anos de idade, que morava no distrito de Alto S\u00e3o Francisco, no munic\u00edpio de Ibirajuba. Ele trabalhava na guarda municipal de Lajedo.<\/p>\n<p style=\"text-align: justify;\">Segundo informa\u00e7\u00f5es de familiares, Jos\u00e9 Iderlan estava em um churrasquinho ao lado do Terminal Leste de Caruaru, na noite do \u00faltimo dia 19 de abril, esperando a esposa sair de uma escola t\u00e9cnica, para retornar para casa, quando um aluno usando tornozeleira eletr\u00f4nica foi pegar a motocicleta que deixou estacionada no Terminal Leste, sendo baelado por um indiv\u00edduo. Uma bala perdida atingiu a cabe\u00e7a de Jos\u00e9 Hiderlan, que foi socorrido para o HRA, falecendo no dia do anivers\u00e1rio do filho de apenas seis anos de idade. Foto: Reprodu\u00e7\u00e3o.<\/p>\n<p style=\"text-align: justify;\">Este foi o 14\u00ba homic\u00eddio do m\u00eas de abril e o 49\u00ba do ano de 2023 no ano em Caruaru.<\/p>\n<p style=\"text-align: justify;\">Siga o Instagram do Blog @blogodoedvaldomagalhaes<\/p>\n\n\n<figure class=\"wp-block-image size-large\"><img loading=\"lazy\" decoding=\"async\" width=\"995\" height=\"1024\" src=\"https:\/\/blogdoedvaldomagalhaes.com.br\/wp-content\/uploads\/2023\/04\/23C7498D-6523-4724-B3F1-479C1F8C40B4-995x1024.jpeg\" alt=\"\" class=\"wp-image-95598\" srcset=\"https:\/\/blogdoedvaldomagalhaes.com.br\/wp-content\/uploads\/2023\/04\/23C7498D-6523-4724-B3F1-479C1F8C40B4-995x1024.jpeg 995w, https:\/\/blogdoedvaldomagalhaes.com.br\/wp-content\/uploads\/2023\/04\/23C7498D-6523-4724-B3F1-479C1F8C40B4-291x300.jpeg 291w, https:\/\/blogdoedvaldomagalhaes.com.br\/wp-content\/uploads\/2023\/04\/23C7498D-6523-4724-B3F1-479C1F8C40B4-768x790.jpeg 768w, https:\/\/blogdoedvaldomagalhaes.com.br\/wp-content\/uploads\/2023\/04\/23C7498D-6523-4724-B3F1-479C1F8C40B4.jpeg 1026w\" sizes=\"auto, (max-width: 995px) 100vw, 995px\" \/><figcaption class=\"wp-element-caption\">Jos\u00e9 Iderlan Sim\u00f5es <\/figcaption><\/figure>\n","protected":false},"excerpt":{"rendered":"<p>Morreu neste domingo (30), no Hospital Regional do Agreste (HRA), em Caruaru, o guarda municipal Jos\u00e9 Iderlan Sim\u00f5es Couto, 23&hellip;<\/p>\n","protected":false},"author":1,"featured_media":32704,"comment_status":"closed","ping_status":"open","sticky":false,"template":"","format":"standard","meta":{"footnotes":""},"categories":[14121],"tags":[2,19532,3406,27421],"class_list":["post-95592","post","type-post","status-publish","format-standard","has-post-thumbnail","hentry","category-policial","tag-blog-do-edvaldo-magalhaes","tag-blog-mais-acessado-e-visualizado-de-caruaru-e-regiao","tag-caruaru","tag-morre-no-hra-guarda-municipal-vitima-de-bala-perdida-em-caruaru"],"_links":{"self":[{"href":"https:\/\/blogdoedvaldomagalhaes.com.br\/index.php\/wp-json\/wp\/v2\/posts\/95592","targetHints":{"allow":["GET"]}}],"collection":[{"href":"https:\/\/blogdoedvaldomagalhaes.com.br\/index.php\/wp-json\/wp\/v2\/posts"}],"about":[{"href":"https:\/\/blogdoedvaldomagalhaes.com.br\/index.php\/wp-json\/wp\/v2\/types\/post"}],"author":[{"embeddable":true,"href":"https:\/\/blogdoedvaldomagalhaes.com.br\/index.php\/wp-json\/wp\/v2\/users\/1"}],"replies":[{"embeddable":true,"href":"https:\/\/blogdoedvaldomagalhaes.com.br\/index.php\/wp-json\/wp\/v2\/comments?post=95592"}],"version-history":[{"count":6,"href":"https:\/\/blogdoedvaldomagalhaes.com.br\/index.php\/wp-json\/wp\/v2\/posts\/95592\/revisions"}],"predecessor-version":[{"id":95601,"href":"https:\/\/blogdoedvaldomagalhaes.com.br\/index.php\/wp-json\/wp\/v2\/posts\/95592\/revisions\/95601"}],"wp:featuredmedia":[{"embeddable":true,"href":"https:\/\/blogdoedvaldomagalhaes.com.br\/index.php\/wp-json\/wp\/v2\/media\/32704"}],"wp:attachment":[{"href":"https:\/\/blogdoedvaldomagalhaes.com.br\/index.php\/wp-json\/wp\/v2\/media?parent=95592"}],"wp:term":[{"taxonomy":"category","embeddable":true,"href":"https:\/\/blogdoedvaldomagalhaes.com.br\/index.php\/wp-json\/wp\/v2\/categories?post=95592"},{"taxonomy":"post_tag","embeddable":true,"href":"https:\/\/blogdoedvaldomagalhaes.com.br\/index.php\/wp-json\/wp\/v2\/tags?post=95592"}],"curies":[{"name":"wp","href":"https:\/\/api.w.org\/{rel}","templated":true}]}}