{"id":95589,"date":"2023-04-30T11:13:09","date_gmt":"2023-04-30T14:13:09","guid":{"rendered":"https:\/\/blogdoedvaldomagalhaes.com.br\/?p=95589"},"modified":"2023-04-30T11:13:10","modified_gmt":"2023-04-30T14:13:10","slug":"confira-o-resultado-de-grande-mobilizacao-policial-em-109-cidades-em-pernambuco","status":"publish","type":"post","link":"https:\/\/blogdoedvaldomagalhaes.com.br\/index.php\/2023\/04\/30\/confira-o-resultado-de-grande-mobilizacao-policial-em-109-cidades-em-pernambuco\/","title":{"rendered":"Confira o resultado de grande mobiliza\u00e7\u00e3o policial em 109 cidades em Pernambuco"},"content":{"rendered":"<p style=\"text-align: justify;\"><span style=\"color: initial; font-size: revert;\">Uma grande mobiliza\u00e7\u00e3o policial aconteceu, na quinta-feira (27\/04), em 109 cidades que comp\u00f5em o Agreste e Zona da Mata pernambucanos. Foi a Opera\u00e7\u00e3o Dia D -1 (fase II) na qual a Pol\u00edcia Militar participou com todo o efetivo da Diretoria Integrada do Interior 1 (DINTER 1), mas que contou tamb\u00e9m com as demais operativas da Secretaria de Defesa Social, al\u00e9m de \u00f3rg\u00e3os parceiros e for\u00e7as amigas, a exemplo da Pol\u00edcia Federal, Pol\u00edcia Rodovi\u00e1ria Federal, Pol\u00edcia Penal, Detran e muitos outros.<\/span><\/p>\n<p style=\"text-align: justify;\">A a\u00e7\u00e3o, capitaneada pela PM e pela Pol\u00edcia Civil, foi criada para sufocar a criminalidade com blitz nas cidades estrat\u00e9gicas, pontos de bloqueio em rodovias, fiscaliza\u00e7\u00e3o de bares e outros estabelecimentos e incurs\u00f5es em \u00e1reas rurais, al\u00e9m realizar trabalho preventivo de combate \u00e0 viol\u00eancia contra a mulher e nas escolas, com palestras e acompanhamento de v\u00edtimas, atrav\u00e9s da Patrulha Maria da Penha e da Patrulha Escolar.<\/p>\n<p style=\"text-align: justify;\">RESULTADOS Foram mobilizados 1904 policiais em a\u00e7\u00e3o nas \u00e1reas urbanas e 129 nas \u00e1reas rurais. Esse esfor\u00e7o extra provocou uma s\u00e9rie de resultados, com 9.532 pessoas abordadas nas cidades e 1118 no campo. Foram apreendidas vinte e duas armas e vinte e quatro carros foram apreendidos em 1.940 abordagens. Em rela\u00e7\u00e3o a motocicletas, foram 4.649 abordagens, com 73 apreens\u00f5es. Dos 4.944 celulares consultados, 16 deles eram queixados e foram recuperados. Ainda foram debelados 43 pontos de vendas de entorpecentes, com apreens\u00e3o de 13,315kg de maconha, 281g de crack, 246g de coca\u00edna e 13 pessoas foram presas em flagrante. Esses resultados superaram os alcan\u00e7ados na primeira edi\u00e7\u00e3o, reflexo do trabalho integrado, modalidade que vem dando excelente resposta aos mais diversos crimes e sendo de fundamental import\u00e2ncia para a popula\u00e7\u00e3o da regi\u00e3o. Foto: Divulga\u00e7\u00e3o\/PMPE.<\/p>\n<p style=\"text-align: justify;\">Siga o Instagram do Blog @blogdoedvaldomagalhaes<\/p>\n","protected":false},"excerpt":{"rendered":"<p>Uma grande mobiliza\u00e7\u00e3o policial aconteceu, na quinta-feira (27\/04), em 109 cidades que comp\u00f5em o Agreste e Zona da Mata pernambucanos.&hellip;<\/p>\n","protected":false},"author":1,"featured_media":95590,"comment_status":"closed","ping_status":"open","sticky":false,"template":"","format":"standard","meta":{"footnotes":""},"categories":[14121],"tags":[2,19532,3406,27420],"class_list":["post-95589","post","type-post","status-publish","format-standard","has-post-thumbnail","hentry","category-policial","tag-blog-do-edvaldo-magalhaes","tag-blog-mais-acessado-e-visualizado-de-caruaru-e-regiao","tag-caruaru","tag-confira-o-resultado-de-grande-mobilizacao-policial-em-109-cidades-em-pernambuco"],"_links":{"self":[{"href":"https:\/\/blogdoedvaldomagalhaes.com.br\/index.php\/wp-json\/wp\/v2\/posts\/95589","targetHints":{"allow":["GET"]}}],"collection":[{"href":"https:\/\/blogdoedvaldomagalhaes.com.br\/index.php\/wp-json\/wp\/v2\/posts"}],"about":[{"href":"https:\/\/blogdoedvaldomagalhaes.com.br\/index.php\/wp-json\/wp\/v2\/types\/post"}],"author":[{"embeddable":true,"href":"https:\/\/blogdoedvaldomagalhaes.com.br\/index.php\/wp-json\/wp\/v2\/users\/1"}],"replies":[{"embeddable":true,"href":"https:\/\/blogdoedvaldomagalhaes.com.br\/index.php\/wp-json\/wp\/v2\/comments?post=95589"}],"version-history":[{"count":1,"href":"https:\/\/blogdoedvaldomagalhaes.com.br\/index.php\/wp-json\/wp\/v2\/posts\/95589\/revisions"}],"predecessor-version":[{"id":95591,"href":"https:\/\/blogdoedvaldomagalhaes.com.br\/index.php\/wp-json\/wp\/v2\/posts\/95589\/revisions\/95591"}],"wp:featuredmedia":[{"embeddable":true,"href":"https:\/\/blogdoedvaldomagalhaes.com.br\/index.php\/wp-json\/wp\/v2\/media\/95590"}],"wp:attachment":[{"href":"https:\/\/blogdoedvaldomagalhaes.com.br\/index.php\/wp-json\/wp\/v2\/media?parent=95589"}],"wp:term":[{"taxonomy":"category","embeddable":true,"href":"https:\/\/blogdoedvaldomagalhaes.com.br\/index.php\/wp-json\/wp\/v2\/categories?post=95589"},{"taxonomy":"post_tag","embeddable":true,"href":"https:\/\/blogdoedvaldomagalhaes.com.br\/index.php\/wp-json\/wp\/v2\/tags?post=95589"}],"curies":[{"name":"wp","href":"https:\/\/api.w.org\/{rel}","templated":true}]}}