{"id":95581,"date":"2023-04-29T22:45:17","date_gmt":"2023-04-30T01:45:17","guid":{"rendered":"https:\/\/blogdoedvaldomagalhaes.com.br\/?p=95581"},"modified":"2023-04-29T22:45:19","modified_gmt":"2023-04-30T01:45:19","slug":"moto-com-restricao-de-roubo-furto-e-recuperada-em-operacao-do-detran-pe","status":"publish","type":"post","link":"https:\/\/blogdoedvaldomagalhaes.com.br\/index.php\/2023\/04\/29\/moto-com-restricao-de-roubo-furto-e-recuperada-em-operacao-do-detran-pe\/","title":{"rendered":"Moto com restri\u00e7\u00e3o de roubo\/furto \u00e9 recuperada, em Opera\u00e7\u00e3o do Detran-PE"},"content":{"rendered":"<p style=\"text-align: justify;\">O condutor de uma motocicleta Honda Bros foi abordado durante o oepracao do DETRAN-PE, a motocicleta estava sem placa, o agente do DETRAN fez a devida averigua\u00e7\u00e3o e o motor do ve\u00edculo consta como de uma motocicleta roubada em S\u00e3o Caitano, no ano de 2021.<\/p>\n<p style=\"text-align: justify;\">Condutor e motocicleta foram conduzidos \u00e0 delegacia de pol\u00edcia para as provid\u00eancias cab\u00edveis. Foto: Divulga\u00e7\u00e3o.<\/p>\n<p style=\"text-align: justify;\">Siga o Instagram do Blog @blogdoedvaldomagalhaes<\/p>\n","protected":false},"excerpt":{"rendered":"<p>O condutor de uma motocicleta Honda Bros foi abordado durante o oepracao do DETRAN-PE, a motocicleta estava sem placa, o&hellip;<\/p>\n","protected":false},"author":1,"featured_media":95582,"comment_status":"closed","ping_status":"open","sticky":false,"template":"","format":"standard","meta":{"footnotes":""},"categories":[14120],"tags":[2,19532,3406,27418],"class_list":["post-95581","post","type-post","status-publish","format-standard","has-post-thumbnail","hentry","category-noticias","tag-blog-do-edvaldo-magalhaes","tag-blog-mais-acessado-e-visualizado-de-caruaru-e-regiao","tag-caruaru","tag-moto-com-restricao-de-roubo-furto-e-recuperada-em-operacao-do-detran-pe"],"_links":{"self":[{"href":"https:\/\/blogdoedvaldomagalhaes.com.br\/index.php\/wp-json\/wp\/v2\/posts\/95581","targetHints":{"allow":["GET"]}}],"collection":[{"href":"https:\/\/blogdoedvaldomagalhaes.com.br\/index.php\/wp-json\/wp\/v2\/posts"}],"about":[{"href":"https:\/\/blogdoedvaldomagalhaes.com.br\/index.php\/wp-json\/wp\/v2\/types\/post"}],"author":[{"embeddable":true,"href":"https:\/\/blogdoedvaldomagalhaes.com.br\/index.php\/wp-json\/wp\/v2\/users\/1"}],"replies":[{"embeddable":true,"href":"https:\/\/blogdoedvaldomagalhaes.com.br\/index.php\/wp-json\/wp\/v2\/comments?post=95581"}],"version-history":[{"count":1,"href":"https:\/\/blogdoedvaldomagalhaes.com.br\/index.php\/wp-json\/wp\/v2\/posts\/95581\/revisions"}],"predecessor-version":[{"id":95583,"href":"https:\/\/blogdoedvaldomagalhaes.com.br\/index.php\/wp-json\/wp\/v2\/posts\/95581\/revisions\/95583"}],"wp:featuredmedia":[{"embeddable":true,"href":"https:\/\/blogdoedvaldomagalhaes.com.br\/index.php\/wp-json\/wp\/v2\/media\/95582"}],"wp:attachment":[{"href":"https:\/\/blogdoedvaldomagalhaes.com.br\/index.php\/wp-json\/wp\/v2\/media?parent=95581"}],"wp:term":[{"taxonomy":"category","embeddable":true,"href":"https:\/\/blogdoedvaldomagalhaes.com.br\/index.php\/wp-json\/wp\/v2\/categories?post=95581"},{"taxonomy":"post_tag","embeddable":true,"href":"https:\/\/blogdoedvaldomagalhaes.com.br\/index.php\/wp-json\/wp\/v2\/tags?post=95581"}],"curies":[{"name":"wp","href":"https:\/\/api.w.org\/{rel}","templated":true}]}}