{"id":95568,"date":"2023-04-29T16:47:36","date_gmt":"2023-04-29T19:47:36","guid":{"rendered":"https:\/\/blogdoedvaldomagalhaes.com.br\/?p=95568"},"modified":"2023-04-29T20:56:49","modified_gmt":"2023-04-29T23:56:49","slug":"mulher-e-assassinada-com-golpe-de-faca-apos-discussao-em-caruaru","status":"publish","type":"post","link":"https:\/\/blogdoedvaldomagalhaes.com.br\/index.php\/2023\/04\/29\/mulher-e-assassinada-com-golpe-de-faca-apos-discussao-em-caruaru\/","title":{"rendered":"Mulher \u00e9 assassinada com golpe de faca ap\u00f3s discuss\u00e3o em Caruaru"},"content":{"rendered":"<p style=\"text-align: justify;\">Uma mulher foi assassinada na tarde deste s\u00e1bado (29), em Caruaru. <span style=\"font-size: revert;\">Segundo informa\u00e7\u00f5es, a v\u00edtima teria marcado um encontro com a autora do crime no centro da cidade, ao chegar no local combinado, duas mulheres estavam a sua espera, houve uma discuss\u00e3o entre elas, e Mariza foi esfaqueada na altura do cora\u00e7\u00e3o, sendo socorrida por populares para o Hospital Regional do Agreste (HRA), mas n\u00e3o resistiu e faleceu.<\/span><\/p>\n<p style=\"text-align: justify;\">A v\u00edtima foi Mariza Beatriz Brito dos Santos, de 25 anos de idade, residente na rua Sergipe, no bairro Nossa Senhora das Dores (centro).\u00a0<\/p>\n<p style=\"text-align: justify;\">Este foi o 13\u00b0 homic\u00eddio do m\u00eas de abril, e o 48\u00b0 no ano de 2023, em Caruaru.<\/p>\n\n\n<figure class=\"wp-block-image size-large\"><img loading=\"lazy\" decoding=\"async\" width=\"548\" height=\"1024\" src=\"https:\/\/blogdoedvaldomagalhaes.com.br\/wp-content\/uploads\/2023\/04\/BC50FAC3-54C3-4D4F-9F5F-2E301FA0736D-548x1024.jpeg\" alt=\"\" class=\"wp-image-95574\" srcset=\"https:\/\/blogdoedvaldomagalhaes.com.br\/wp-content\/uploads\/2023\/04\/BC50FAC3-54C3-4D4F-9F5F-2E301FA0736D-548x1024.jpeg 548w, https:\/\/blogdoedvaldomagalhaes.com.br\/wp-content\/uploads\/2023\/04\/BC50FAC3-54C3-4D4F-9F5F-2E301FA0736D-161x300.jpeg 161w, https:\/\/blogdoedvaldomagalhaes.com.br\/wp-content\/uploads\/2023\/04\/BC50FAC3-54C3-4D4F-9F5F-2E301FA0736D.jpeg 685w\" sizes=\"auto, (max-width: 548px) 100vw, 548px\" \/><figcaption class=\"wp-element-caption\">V\u00edtima: Mariza Beatriz Brito <\/figcaption><\/figure>\n","protected":false},"excerpt":{"rendered":"<p>Uma mulher foi assassinada na tarde deste s\u00e1bado (29), em Caruaru. Segundo informa\u00e7\u00f5es, a v\u00edtima teria marcado um encontro com&hellip;<\/p>\n","protected":false},"author":1,"featured_media":76622,"comment_status":"closed","ping_status":"open","sticky":false,"template":"","format":"standard","meta":{"footnotes":""},"categories":[14120],"tags":[2,19532,3406,5448,27417],"class_list":["post-95568","post","type-post","status-publish","format-standard","has-post-thumbnail","hentry","category-noticias","tag-blog-do-edvaldo-magalhaes","tag-blog-mais-acessado-e-visualizado-de-caruaru-e-regiao","tag-caruaru","tag-homicidio","tag-mulher-e-assassinada-com-golpe-de-faca-apos-discussao-em-caruaru"],"_links":{"self":[{"href":"https:\/\/blogdoedvaldomagalhaes.com.br\/index.php\/wp-json\/wp\/v2\/posts\/95568","targetHints":{"allow":["GET"]}}],"collection":[{"href":"https:\/\/blogdoedvaldomagalhaes.com.br\/index.php\/wp-json\/wp\/v2\/posts"}],"about":[{"href":"https:\/\/blogdoedvaldomagalhaes.com.br\/index.php\/wp-json\/wp\/v2\/types\/post"}],"author":[{"embeddable":true,"href":"https:\/\/blogdoedvaldomagalhaes.com.br\/index.php\/wp-json\/wp\/v2\/users\/1"}],"replies":[{"embeddable":true,"href":"https:\/\/blogdoedvaldomagalhaes.com.br\/index.php\/wp-json\/wp\/v2\/comments?post=95568"}],"version-history":[{"count":6,"href":"https:\/\/blogdoedvaldomagalhaes.com.br\/index.php\/wp-json\/wp\/v2\/posts\/95568\/revisions"}],"predecessor-version":[{"id":95580,"href":"https:\/\/blogdoedvaldomagalhaes.com.br\/index.php\/wp-json\/wp\/v2\/posts\/95568\/revisions\/95580"}],"wp:featuredmedia":[{"embeddable":true,"href":"https:\/\/blogdoedvaldomagalhaes.com.br\/index.php\/wp-json\/wp\/v2\/media\/76622"}],"wp:attachment":[{"href":"https:\/\/blogdoedvaldomagalhaes.com.br\/index.php\/wp-json\/wp\/v2\/media?parent=95568"}],"wp:term":[{"taxonomy":"category","embeddable":true,"href":"https:\/\/blogdoedvaldomagalhaes.com.br\/index.php\/wp-json\/wp\/v2\/categories?post=95568"},{"taxonomy":"post_tag","embeddable":true,"href":"https:\/\/blogdoedvaldomagalhaes.com.br\/index.php\/wp-json\/wp\/v2\/tags?post=95568"}],"curies":[{"name":"wp","href":"https:\/\/api.w.org\/{rel}","templated":true}]}}