{"id":95565,"date":"2023-04-29T16:16:03","date_gmt":"2023-04-29T19:16:03","guid":{"rendered":"https:\/\/blogdoedvaldomagalhaes.com.br\/?p=95565"},"modified":"2023-04-29T16:16:04","modified_gmt":"2023-04-29T19:16:04","slug":"albergue-municipal-de-caruaru-vai-sair-do-bairro-indianopolis","status":"publish","type":"post","link":"https:\/\/blogdoedvaldomagalhaes.com.br\/index.php\/2023\/04\/29\/albergue-municipal-de-caruaru-vai-sair-do-bairro-indianopolis\/","title":{"rendered":"Albergue Municipal de Caruaru vai sair do bairro Indian\u00f3polis"},"content":{"rendered":"<p style=\"text-align: justify;\"><span style=\"color: initial; font-size: revert;\">A Secretaria de Desenvolvimento Social e Direitos Humanos de Caruaru (SDSDH), informa que buscando melhorias para a popula\u00e7\u00e3o do munic\u00edpio, no tocante \u00e0 oferta e garantias de servi\u00e7os e do direito constitucional \u00e0 Assist\u00eancia Social, comunica que o Albergue Municipal, atualmente localizado no Bairro Indian\u00f3polis ser\u00e1 realocado para a rua Saldanha da Gama, onde j\u00e1 existe um equipamento p\u00fablico.<\/span><\/p>\n<p style=\"text-align: justify;\">O local escolhido pela Prefeitura receber\u00e1 a\u00e7\u00f5es permanentes de seguran\u00e7a e melhorias na infraestrutura e mobilidade, al\u00e9m de instala\u00e7\u00e3o de c\u00e2meras de monitoramento.<\/p>\n<p style=\"text-align: justify;\">\u00c9 importante destacar que a atual Pol\u00edtica Nacional de Assist\u00eancia Social brasileira, estruturada sob as bases da Constitui\u00e7\u00e3o Federal de 1988, organizou os seus servi\u00e7os e ofertas de modo a garantir o acesso de todas as pessoas que dela necessitem aos seus direitos b\u00e1sicos. Foto: Divulga\u00e7\u00e3o\/PMC.<\/p>\n<p style=\"text-align: justify;\">Siga o Instagram do Blog @blogdoedvaldomagalhaes<\/p>\n","protected":false},"excerpt":{"rendered":"<p>A Secretaria de Desenvolvimento Social e Direitos Humanos de Caruaru (SDSDH), informa que buscando melhorias para a popula\u00e7\u00e3o do munic\u00edpio,&hellip;<\/p>\n","protected":false},"author":1,"featured_media":95566,"comment_status":"closed","ping_status":"open","sticky":false,"template":"","format":"standard","meta":{"footnotes":""},"categories":[14120],"tags":[27416,2,19532,3406],"class_list":["post-95565","post","type-post","status-publish","format-standard","has-post-thumbnail","hentry","category-noticias","tag-albergue-municipal-de-caruaru-vai-sair-do-bairro-indianopolis","tag-blog-do-edvaldo-magalhaes","tag-blog-mais-acessado-e-visualizado-de-caruaru-e-regiao","tag-caruaru"],"_links":{"self":[{"href":"https:\/\/blogdoedvaldomagalhaes.com.br\/index.php\/wp-json\/wp\/v2\/posts\/95565","targetHints":{"allow":["GET"]}}],"collection":[{"href":"https:\/\/blogdoedvaldomagalhaes.com.br\/index.php\/wp-json\/wp\/v2\/posts"}],"about":[{"href":"https:\/\/blogdoedvaldomagalhaes.com.br\/index.php\/wp-json\/wp\/v2\/types\/post"}],"author":[{"embeddable":true,"href":"https:\/\/blogdoedvaldomagalhaes.com.br\/index.php\/wp-json\/wp\/v2\/users\/1"}],"replies":[{"embeddable":true,"href":"https:\/\/blogdoedvaldomagalhaes.com.br\/index.php\/wp-json\/wp\/v2\/comments?post=95565"}],"version-history":[{"count":1,"href":"https:\/\/blogdoedvaldomagalhaes.com.br\/index.php\/wp-json\/wp\/v2\/posts\/95565\/revisions"}],"predecessor-version":[{"id":95567,"href":"https:\/\/blogdoedvaldomagalhaes.com.br\/index.php\/wp-json\/wp\/v2\/posts\/95565\/revisions\/95567"}],"wp:featuredmedia":[{"embeddable":true,"href":"https:\/\/blogdoedvaldomagalhaes.com.br\/index.php\/wp-json\/wp\/v2\/media\/95566"}],"wp:attachment":[{"href":"https:\/\/blogdoedvaldomagalhaes.com.br\/index.php\/wp-json\/wp\/v2\/media?parent=95565"}],"wp:term":[{"taxonomy":"category","embeddable":true,"href":"https:\/\/blogdoedvaldomagalhaes.com.br\/index.php\/wp-json\/wp\/v2\/categories?post=95565"},{"taxonomy":"post_tag","embeddable":true,"href":"https:\/\/blogdoedvaldomagalhaes.com.br\/index.php\/wp-json\/wp\/v2\/tags?post=95565"}],"curies":[{"name":"wp","href":"https:\/\/api.w.org\/{rel}","templated":true}]}}