{"id":95558,"date":"2023-04-29T13:55:04","date_gmt":"2023-04-29T16:55:04","guid":{"rendered":"https:\/\/blogdoedvaldomagalhaes.com.br\/?p=95558"},"modified":"2023-04-29T13:55:05","modified_gmt":"2023-04-29T16:55:05","slug":"operacao-policial-resulta-na-prisao-de-suspeitos-de-trafico-de-drogas","status":"publish","type":"post","link":"https:\/\/blogdoedvaldomagalhaes.com.br\/index.php\/2023\/04\/29\/operacao-policial-resulta-na-prisao-de-suspeitos-de-trafico-de-drogas\/","title":{"rendered":"Opera\u00e7\u00e3o policial resulta na pris\u00e3o de suspeitos de tr\u00e1fico de drogas"},"content":{"rendered":"<p style=\"text-align: justify;\"><span style=\"font-size: revert; color: initial;\">Na madrugada de hoje (29), policiais militares receberam informa\u00e7\u00f5es sobre uma poss\u00edvel reuni\u00e3o de indiv\u00edduos suspeitos de envolvimento no tr\u00e1fico de drogas na \u00e1rea de Jardim Jord\u00e3o. Ainda segundo as informa\u00e7\u00f5es recebidas, esses estariam planejando um homic\u00eddio na \u00e1rea.<\/span><\/p>\n<p style=\"text-align: justify;\">Com base nesses dados, foi mobilizada v\u00e1rias equipes, incluindo o servi\u00e7o reservado do 6\u00ba BPM e do 19\u00ba BPM, para seguir para o local em que eles estavam reunidos, mais precisamente no campo do Dez, localizado atr\u00e1s da Escola T\u00e9cnica Advogado Jos\u00e9 David Rodrigues.<\/p>\n<p style=\"text-align: justify;\">Ao chegarem no local, o efetivo foi recebido a tiros por cinco indiv\u00edduos armados. Os policiais reagiram \u00e0 agress\u00e3o injusta sofrida e, durante a troca de tiros, tr\u00eas dos indiv\u00edduos conseguiram escapar inicialmente.<\/p>\n<p style=\"text-align: justify;\">As guarni\u00e7\u00f5es conseguiram interceptar dois dos suspeitos, cada um portando uma arma de fogo, uma contendo quatro muni\u00e7\u00f5es deflagradas e a outra com tr\u00eas muni\u00e7\u00f5es deflagradas. Em seguida, foi iniciada uma incurs\u00e3o para encontrar o terceiro indiv\u00edduo que fugiu.Ap\u00f3s a busca, a pol\u00edcia conseguiu localiz\u00e1-lo.<\/p>\n<p style=\"text-align: justify;\">Com ele, foram apreendidas 81 pedras de crack e 12 muni\u00e7\u00f5es de 38, tendo conseguido se desfazer da arma que estava em sua posse.<\/p>\n<p style=\"text-align: justify;\">Ao final da opera\u00e7\u00e3o, a pol\u00edcia apreendeu dois rev\u00f3lveres, 24 muni\u00e7\u00f5es intactas e deflagradas, dois aparelhos celulares, duas balaclavas e 81 pedras de crack. Os suspeitos foram levados para a delegacia de Prazeres para ado\u00e7\u00e3o dos procedimentos legais. Foto: Divulga\u00e7\u00e3o\/PMPE.<\/p>\n<p style=\"text-align: justify;\">Siga o Instagram do Blog @blogdoedvaldomagalhaes<\/p>\n","protected":false},"excerpt":{"rendered":"<p>Na madrugada de hoje (29), policiais militares receberam informa\u00e7\u00f5es sobre uma poss\u00edvel reuni\u00e3o de indiv\u00edduos suspeitos de envolvimento no tr\u00e1fico&hellip;<\/p>\n","protected":false},"author":1,"featured_media":95559,"comment_status":"closed","ping_status":"open","sticky":false,"template":"","format":"standard","meta":{"footnotes":""},"categories":[14121],"tags":[2,19532,3406,27414],"class_list":["post-95558","post","type-post","status-publish","format-standard","has-post-thumbnail","hentry","category-policial","tag-blog-do-edvaldo-magalhaes","tag-blog-mais-acessado-e-visualizado-de-caruaru-e-regiao","tag-caruaru","tag-operacao-policial-resulta-na-prisao-de-suspeitos-de-trafico-de-drogas"],"_links":{"self":[{"href":"https:\/\/blogdoedvaldomagalhaes.com.br\/index.php\/wp-json\/wp\/v2\/posts\/95558","targetHints":{"allow":["GET"]}}],"collection":[{"href":"https:\/\/blogdoedvaldomagalhaes.com.br\/index.php\/wp-json\/wp\/v2\/posts"}],"about":[{"href":"https:\/\/blogdoedvaldomagalhaes.com.br\/index.php\/wp-json\/wp\/v2\/types\/post"}],"author":[{"embeddable":true,"href":"https:\/\/blogdoedvaldomagalhaes.com.br\/index.php\/wp-json\/wp\/v2\/users\/1"}],"replies":[{"embeddable":true,"href":"https:\/\/blogdoedvaldomagalhaes.com.br\/index.php\/wp-json\/wp\/v2\/comments?post=95558"}],"version-history":[{"count":1,"href":"https:\/\/blogdoedvaldomagalhaes.com.br\/index.php\/wp-json\/wp\/v2\/posts\/95558\/revisions"}],"predecessor-version":[{"id":95560,"href":"https:\/\/blogdoedvaldomagalhaes.com.br\/index.php\/wp-json\/wp\/v2\/posts\/95558\/revisions\/95560"}],"wp:featuredmedia":[{"embeddable":true,"href":"https:\/\/blogdoedvaldomagalhaes.com.br\/index.php\/wp-json\/wp\/v2\/media\/95559"}],"wp:attachment":[{"href":"https:\/\/blogdoedvaldomagalhaes.com.br\/index.php\/wp-json\/wp\/v2\/media?parent=95558"}],"wp:term":[{"taxonomy":"category","embeddable":true,"href":"https:\/\/blogdoedvaldomagalhaes.com.br\/index.php\/wp-json\/wp\/v2\/categories?post=95558"},{"taxonomy":"post_tag","embeddable":true,"href":"https:\/\/blogdoedvaldomagalhaes.com.br\/index.php\/wp-json\/wp\/v2\/tags?post=95558"}],"curies":[{"name":"wp","href":"https:\/\/api.w.org\/{rel}","templated":true}]}}