{"id":95555,"date":"2023-04-29T10:43:40","date_gmt":"2023-04-29T13:43:40","guid":{"rendered":"https:\/\/blogdoedvaldomagalhaes.com.br\/?p=95555"},"modified":"2023-04-29T10:43:42","modified_gmt":"2023-04-29T13:43:42","slug":"vacinacao-contra-o-influenza-sera-levada-para-o-caruaru-shopping-neste-domingo-30","status":"publish","type":"post","link":"https:\/\/blogdoedvaldomagalhaes.com.br\/index.php\/2023\/04\/29\/vacinacao-contra-o-influenza-sera-levada-para-o-caruaru-shopping-neste-domingo-30\/","title":{"rendered":"Vacina\u00e7\u00e3o contra o Influenza ser\u00e1 levada para o Caruaru Shopping, neste domingo (30)"},"content":{"rendered":"<p style=\"text-align: justify;\"><span style=\"color: initial; font-size: revert;\">A Secretaria de Sa\u00fade de Caruaru, levar\u00e1 a Campanha Nacional de Vacina\u00e7\u00e3o contra o v\u00edrus Influenza, neste final de semana, para o Caruaru Shopping. A a\u00e7\u00e3o acontecer\u00e1 no domingo (30) das 11h \u00e0s 17h, na entrada da academia. Por\u00e9m, nessa etapa da campanha, apenas os grupos priorit\u00e1rios est\u00e3o sendo contemplados. Para se vacinar, basta comparecer ao local portando o CPF ou o Cart\u00e3o do SUS.<\/span><\/p>\n<p style=\"text-align: justify;\">Os grupos priorit\u00e1rios da campanha de influenza s\u00e3o: crian\u00e7as de 6 meses a 5 anos 11 meses e 29 dias; gestantes, pu\u00e9rperas e idosos a partir de 60 anos; trabalhadores de sa\u00fade; professores; comorbidades; profissionais das For\u00e7as de Seguran\u00e7a e Salvamento; profissionais das For\u00e7as Armadas; pessoas com defici\u00eancia permanente; caminhoneiros; trabalhadores de transporte coletivo; popula\u00e7\u00e3o privada de liberdade; funcion\u00e1rios do sistema de priva\u00e7\u00e3o de liberdade e jovens de 12 a 21 anos, em medidas socioeducativas.<\/p>\n<p style=\"text-align: justify;\">A vacina contra o Influenza \u00e9 produzida a partir do v\u00edrus inativado e protege contra tr\u00eas tipos de cepas da doen\u00e7a: H1N1,H3N2 e a linhagem \u201cB\u201d Victoria.<\/p>\n<p style=\"text-align: justify;\">*Servi\u00e7o:*<br \/>\nA\u00e7\u00e3o de vacina\u00e7\u00e3o contra o Influenza no Caruaru Shopping<br \/>\n. Dia: 30.04 (domingo)<br \/>\n. Hora: Das 11h \u00e0s 17h,<br \/>\n. Local: Caruaru Shopping (na entrada da academia)<br \/>\n. P\u00fablico-alvo: Grupos priorit\u00e1rios da campanha.<\/p>\n<p style=\"text-align: justify;\">Siga o Instagram do Blog @blogdoedvaldomagalhaes<\/p>\n","protected":false},"excerpt":{"rendered":"<p>A Secretaria de Sa\u00fade de Caruaru, levar\u00e1 a Campanha Nacional de Vacina\u00e7\u00e3o contra o v\u00edrus Influenza, neste final de semana,&hellip;<\/p>\n","protected":false},"author":1,"featured_media":95556,"comment_status":"closed","ping_status":"open","sticky":false,"template":"","format":"standard","meta":{"footnotes":""},"categories":[14120],"tags":[2,19532,3406,27413],"class_list":["post-95555","post","type-post","status-publish","format-standard","has-post-thumbnail","hentry","category-noticias","tag-blog-do-edvaldo-magalhaes","tag-blog-mais-acessado-e-visualizado-de-caruaru-e-regiao","tag-caruaru","tag-vacinacao-contra-o-influenza-sera-levada-para-o-caruaru-shopping-neste-domingo-30"],"_links":{"self":[{"href":"https:\/\/blogdoedvaldomagalhaes.com.br\/index.php\/wp-json\/wp\/v2\/posts\/95555","targetHints":{"allow":["GET"]}}],"collection":[{"href":"https:\/\/blogdoedvaldomagalhaes.com.br\/index.php\/wp-json\/wp\/v2\/posts"}],"about":[{"href":"https:\/\/blogdoedvaldomagalhaes.com.br\/index.php\/wp-json\/wp\/v2\/types\/post"}],"author":[{"embeddable":true,"href":"https:\/\/blogdoedvaldomagalhaes.com.br\/index.php\/wp-json\/wp\/v2\/users\/1"}],"replies":[{"embeddable":true,"href":"https:\/\/blogdoedvaldomagalhaes.com.br\/index.php\/wp-json\/wp\/v2\/comments?post=95555"}],"version-history":[{"count":1,"href":"https:\/\/blogdoedvaldomagalhaes.com.br\/index.php\/wp-json\/wp\/v2\/posts\/95555\/revisions"}],"predecessor-version":[{"id":95557,"href":"https:\/\/blogdoedvaldomagalhaes.com.br\/index.php\/wp-json\/wp\/v2\/posts\/95555\/revisions\/95557"}],"wp:featuredmedia":[{"embeddable":true,"href":"https:\/\/blogdoedvaldomagalhaes.com.br\/index.php\/wp-json\/wp\/v2\/media\/95556"}],"wp:attachment":[{"href":"https:\/\/blogdoedvaldomagalhaes.com.br\/index.php\/wp-json\/wp\/v2\/media?parent=95555"}],"wp:term":[{"taxonomy":"category","embeddable":true,"href":"https:\/\/blogdoedvaldomagalhaes.com.br\/index.php\/wp-json\/wp\/v2\/categories?post=95555"},{"taxonomy":"post_tag","embeddable":true,"href":"https:\/\/blogdoedvaldomagalhaes.com.br\/index.php\/wp-json\/wp\/v2\/tags?post=95555"}],"curies":[{"name":"wp","href":"https:\/\/api.w.org\/{rel}","templated":true}]}}