{"id":95551,"date":"2023-04-29T09:21:20","date_gmt":"2023-04-29T12:21:20","guid":{"rendered":"https:\/\/blogdoedvaldomagalhaes.com.br\/?p=95551"},"modified":"2023-04-29T09:21:21","modified_gmt":"2023-04-29T12:21:21","slug":"mais-de-seis-mil-pessoas-foram-para-abertura-do-sao-jose-na-roca-na-vila-goncalves-ferreira","status":"publish","type":"post","link":"https:\/\/blogdoedvaldomagalhaes.com.br\/index.php\/2023\/04\/29\/mais-de-seis-mil-pessoas-foram-para-abertura-do-sao-jose-na-roca-na-vila-goncalves-ferreira\/","title":{"rendered":"Mais de seis mil pessoas foram para abertura do S\u00e3o Jos\u00e9 na Ro\u00e7a, na Vila  Gon\u00e7alves Ferreira"},"content":{"rendered":"<p style=\"text-align: justify;\"><span style=\"color: initial; font-size: revert;\">Atra\u00e7\u00f5es musicais, fogueira, bacamarteiros, quadrilha, dan\u00e7a, emo\u00e7\u00e3o, reencontro, alegria e muito forr\u00f3 marcaram o pontap\u00e9 inicial dos festejos juninos de Caruaru. Gon\u00e7alves Ferreira foi a primeira localidade da zona rural a receber a caravana do S\u00e3o Jo\u00e3o na Ro\u00e7a, abrindo de forma oficial o S\u00e3o Jo\u00e3o 2023 &#8211; Cada Vez Maior e Melhor.<\/span><\/p>\n<p style=\"text-align: justify;\">Trazendo a tradi\u00e7\u00e3o do S\u00e3o Jo\u00e3o das comunidades, com barraquinhas de comidas t\u00edpicas, muitas bandeiras decorando a principal pra\u00e7a do local, o 1\u00b0 distrito de Caruaru foi cen\u00e1rio para a abertura oficial que contou com as bandas Forr\u00f3 Quent\u00e3o, Santanna &#8211; o cantador e Marquinhos Caf\u00e9.<\/p>\n<p style=\"text-align: justify;\">&#8220;\u00c9 muito m\u00e1gico ver nossa comunidade se tornar uma vila de festa como o S\u00e3o Jo\u00e3o, que encanta a todos com suas tradi\u00e7\u00f5es, festejos e o calor humano&#8221;, afirmou Elza moradora da comunidade de Gon\u00e7alves Ferreira.<\/p>\n<p style=\"text-align: justify;\">Este ano 13 locais receber\u00e3o os festejos do S\u00e3o Jo\u00e3o na Ro\u00e7a que j\u00e1 \u00e9 tradi\u00e7\u00e3o na cidade desde 2017 e tem como objetivo descentralizar a festa. &#8220;Nesta edi\u00e7\u00e3o tudo tem um gostinho mais que especial, al\u00e9m da amplia\u00e7\u00e3o e antecipa\u00e7\u00e3o que foi pensada estrategicamente para favorecer a todos, n\u00e3o s\u00f3 os caruaruenses, mas tamb\u00e9m os turistas que ter\u00e3o mais dias de festejos e, consequentemente, um per\u00edodo mais longo para conhecer a cidade e movimentar a economia local, fortalecendo ainda mais nossa Capital do Forr\u00f3&#8221;, pontuou o prefeito de Caruaru, Rodrigo Pinheiro.<\/p>\n<p style=\"text-align: justify;\">Com um aparato refor\u00e7ado de for\u00e7as de seguran\u00e7a, tr\u00e2nsito e log\u00edstica, o primeiro dia de S\u00e3o Jo\u00e3o na Ro\u00e7a 2023 recebeu, em m\u00e9dia, seis mil pessoas e garantiu o forr\u00f3 de todos que foram prestigiar o in\u00edcio do Maior e Melhor S\u00e3o Jo\u00e3o do Mundo.<\/p>\n<p style=\"text-align: justify;\">&#8220;Cantar em Caruaru \u00e9 sempre diferente, a emo\u00e7\u00e3o \u00e9 maior, o cora\u00e7\u00e3o bate mais forte e a pele arrepia e, este ano, todas essas emo\u00e7\u00f5es est\u00e3o dobradas devido ao grande sucesso que j\u00e1 \u00e9 nosso jingle. Sem d\u00favidas ser\u00e1 o maior S\u00e3o Jo\u00e3o de todos os tempos&#8221;, disse o cantor Santanna.<\/p>\n<p style=\"text-align: justify;\">Neste s\u00e1bado, a comunidade escolhida para receber a caravana \u00e9 Malhada de Barreira Queimada. Confira a programa\u00e7\u00e3o:<\/p>\n<p style=\"text-align: justify;\">*S\u00e1bado (30)*<br \/>Banda de P\u00edfanos Alvorada<br \/>Quadrilha Molecodrilha<br \/>Batalh\u00e3o de Bacamarteiros 19<br \/>18h30 &#8211; Banda do Batista<br \/>20h30 &#8211; Joquinha Gonzaga<br \/>22h30 &#8211; Forr\u00f3 Chicote.<\/p>\n<p style=\"text-align: justify;\">Siga o Instagram do Blog @blogdoedvaldomagalhaes<\/p>\n\n\n<figure class=\"wp-block-image size-large\"><img loading=\"lazy\" decoding=\"async\" width=\"1024\" height=\"683\" src=\"https:\/\/blogdoedvaldomagalhaes.com.br\/wp-content\/uploads\/2023\/04\/IMG-20230429-WA0042-1024x683.jpg\" alt=\"\" class=\"wp-image-95553\" srcset=\"https:\/\/blogdoedvaldomagalhaes.com.br\/wp-content\/uploads\/2023\/04\/IMG-20230429-WA0042-1024x683.jpg 1024w, https:\/\/blogdoedvaldomagalhaes.com.br\/wp-content\/uploads\/2023\/04\/IMG-20230429-WA0042-300x200.jpg 300w, https:\/\/blogdoedvaldomagalhaes.com.br\/wp-content\/uploads\/2023\/04\/IMG-20230429-WA0042-768x512.jpg 768w, https:\/\/blogdoedvaldomagalhaes.com.br\/wp-content\/uploads\/2023\/04\/IMG-20230429-WA0042-1536x1024.jpg 1536w, https:\/\/blogdoedvaldomagalhaes.com.br\/wp-content\/uploads\/2023\/04\/IMG-20230429-WA0042.jpg 1599w\" sizes=\"auto, (max-width: 1024px) 100vw, 1024px\" \/><figcaption class=\"wp-element-caption\">Fotos: Felipe Correia e Elvis \u00c9dson <\/figcaption><\/figure>\n","protected":false},"excerpt":{"rendered":"<p>Atra\u00e7\u00f5es musicais, fogueira, bacamarteiros, quadrilha, dan\u00e7a, emo\u00e7\u00e3o, reencontro, alegria e muito forr\u00f3 marcaram o pontap\u00e9 inicial dos festejos juninos de&hellip;<\/p>\n","protected":false},"author":1,"featured_media":95552,"comment_status":"closed","ping_status":"open","sticky":false,"template":"","format":"standard","meta":{"footnotes":""},"categories":[14120],"tags":[2,19532,3406,27412],"class_list":["post-95551","post","type-post","status-publish","format-standard","has-post-thumbnail","hentry","category-noticias","tag-blog-do-edvaldo-magalhaes","tag-blog-mais-acessado-e-visualizado-de-caruaru-e-regiao","tag-caruaru","tag-mais-de-seis-mil-pessoas-foram-para-abertura-do-sao-jose-na-roca-na-vila-goncalves-ferreira"],"_links":{"self":[{"href":"https:\/\/blogdoedvaldomagalhaes.com.br\/index.php\/wp-json\/wp\/v2\/posts\/95551","targetHints":{"allow":["GET"]}}],"collection":[{"href":"https:\/\/blogdoedvaldomagalhaes.com.br\/index.php\/wp-json\/wp\/v2\/posts"}],"about":[{"href":"https:\/\/blogdoedvaldomagalhaes.com.br\/index.php\/wp-json\/wp\/v2\/types\/post"}],"author":[{"embeddable":true,"href":"https:\/\/blogdoedvaldomagalhaes.com.br\/index.php\/wp-json\/wp\/v2\/users\/1"}],"replies":[{"embeddable":true,"href":"https:\/\/blogdoedvaldomagalhaes.com.br\/index.php\/wp-json\/wp\/v2\/comments?post=95551"}],"version-history":[{"count":1,"href":"https:\/\/blogdoedvaldomagalhaes.com.br\/index.php\/wp-json\/wp\/v2\/posts\/95551\/revisions"}],"predecessor-version":[{"id":95554,"href":"https:\/\/blogdoedvaldomagalhaes.com.br\/index.php\/wp-json\/wp\/v2\/posts\/95551\/revisions\/95554"}],"wp:featuredmedia":[{"embeddable":true,"href":"https:\/\/blogdoedvaldomagalhaes.com.br\/index.php\/wp-json\/wp\/v2\/media\/95552"}],"wp:attachment":[{"href":"https:\/\/blogdoedvaldomagalhaes.com.br\/index.php\/wp-json\/wp\/v2\/media?parent=95551"}],"wp:term":[{"taxonomy":"category","embeddable":true,"href":"https:\/\/blogdoedvaldomagalhaes.com.br\/index.php\/wp-json\/wp\/v2\/categories?post=95551"},{"taxonomy":"post_tag","embeddable":true,"href":"https:\/\/blogdoedvaldomagalhaes.com.br\/index.php\/wp-json\/wp\/v2\/tags?post=95551"}],"curies":[{"name":"wp","href":"https:\/\/api.w.org\/{rel}","templated":true}]}}