{"id":95539,"date":"2023-04-28T19:49:43","date_gmt":"2023-04-28T22:49:43","guid":{"rendered":"https:\/\/blogdoedvaldomagalhaes.com.br\/?p=95539"},"modified":"2023-04-28T19:49:44","modified_gmt":"2023-04-28T22:49:44","slug":"anderson-correia-faz-balanco-positivo-da-semana-em-brasilia","status":"publish","type":"post","link":"https:\/\/blogdoedvaldomagalhaes.com.br\/index.php\/2023\/04\/28\/anderson-correia-faz-balanco-positivo-da-semana-em-brasilia\/","title":{"rendered":"Anderson Correia faz balan\u00e7o positivo da semana em Bras\u00edlia"},"content":{"rendered":"<p style=\"text-align: justify;\"><span style=\"color: initial; font-size: revert;\">O vereador Anderson Correia cumpriu uma extensa agenda nesta semana em Bras\u00edlia, concluindo com grandes fatores positivos no balan\u00e7o geral de seus compromissos na Capital Federal. Aproveitando mais uma participa\u00e7\u00e3o na Marcha dos Legislativos Municipais, ele, al\u00e9m de participar do evento que re\u00fane edis do pa\u00eds inteiros, conseguiu visitar diversos gabinetes em prol de angariar mais apoio, de deputados federais e outros agentes pol\u00edticos, para a habilita\u00e7\u00e3o do ICIA no SUS.<\/span><\/p>\n<p style=\"text-align: justify;\">Ainda dentro dessa pauta, o parlamentar caruaruense participou, ao lado do fundador e m\u00e9dico do ICIA, Dr. Luiz Henrique Soares, da Frente Parlamentar de Combate ao C\u00e2ncer Infantil, que reuniu diversas autoridades e profissionais refer\u00eancias no assunto no Sal\u00e3o Nobre da C\u00e2mara dos Deputados. Dentro da sua principal bandeira, a animalista, Anderson tamb\u00e9m participou do F\u00f3rum de Vereadoras e Vereadores pelos Direitos Animais, que aconteceu no Audit\u00f3rio do Ibama, onde o Defensor dos Animais apresentou pol\u00edticas animalistas, debatendo leis e pol\u00edticas p\u00fablicas.<\/p>\n<p style=\"text-align: justify;\">Entre outros compromissos, a semana na Capital Nacional foi conclu\u00edda com a sua nomea\u00e7\u00e3o como novo presidente do Partido Progressista em Caruaru, por meio de ato realizado pelo deputado federal Eduardo da Fonte, presidente da sigla em Pernambuco, que fez o convite a Anderson, dando-lhe carta branca para conduzir os rumos pol\u00edticos na Capital do Agreste. \u201cFoi uma longa e excelente semana em Bras\u00edlia. Trouxemos na bagagem muita coisa boa dentro das nossas pautas e lutas, al\u00e9m de uma grande responsabilidade de presidir o PP em Caruaru, com o aval e apoio dos nossos l\u00edderes Eduardo e Lula da Fonte. A ambos, minha gratid\u00e3o pela confian\u00e7a em nosso trabalho\u201d, destacou Anderson.<\/p>\n<p>Foto: Divulga\u00e7\u00e3o.<\/p>\n<p style=\"text-align: justify;\">Siga o Instagram do Blog @blogdoedvaldomagalhaes<\/p>\n","protected":false},"excerpt":{"rendered":"<p>O vereador Anderson Correia cumpriu uma extensa agenda nesta semana em Bras\u00edlia, concluindo com grandes fatores positivos no balan\u00e7o geral&hellip;<\/p>\n","protected":false},"author":1,"featured_media":95540,"comment_status":"closed","ping_status":"open","sticky":false,"template":"","format":"standard","meta":{"footnotes":""},"categories":[14122],"tags":[27409,27410,2,19532,3406,20],"class_list":["post-95539","post","type-post","status-publish","format-standard","has-post-thumbnail","hentry","category-politica","tag-anderson-correia-faz-balanco-positivo-da-semana-em-brasilia","tag-blog-de-caruaru","tag-blog-do-edvaldo-magalhaes","tag-blog-mais-acessado-e-visualizado-de-caruaru-e-regiao","tag-caruaru","tag-politica"],"_links":{"self":[{"href":"https:\/\/blogdoedvaldomagalhaes.com.br\/index.php\/wp-json\/wp\/v2\/posts\/95539","targetHints":{"allow":["GET"]}}],"collection":[{"href":"https:\/\/blogdoedvaldomagalhaes.com.br\/index.php\/wp-json\/wp\/v2\/posts"}],"about":[{"href":"https:\/\/blogdoedvaldomagalhaes.com.br\/index.php\/wp-json\/wp\/v2\/types\/post"}],"author":[{"embeddable":true,"href":"https:\/\/blogdoedvaldomagalhaes.com.br\/index.php\/wp-json\/wp\/v2\/users\/1"}],"replies":[{"embeddable":true,"href":"https:\/\/blogdoedvaldomagalhaes.com.br\/index.php\/wp-json\/wp\/v2\/comments?post=95539"}],"version-history":[{"count":1,"href":"https:\/\/blogdoedvaldomagalhaes.com.br\/index.php\/wp-json\/wp\/v2\/posts\/95539\/revisions"}],"predecessor-version":[{"id":95541,"href":"https:\/\/blogdoedvaldomagalhaes.com.br\/index.php\/wp-json\/wp\/v2\/posts\/95539\/revisions\/95541"}],"wp:featuredmedia":[{"embeddable":true,"href":"https:\/\/blogdoedvaldomagalhaes.com.br\/index.php\/wp-json\/wp\/v2\/media\/95540"}],"wp:attachment":[{"href":"https:\/\/blogdoedvaldomagalhaes.com.br\/index.php\/wp-json\/wp\/v2\/media?parent=95539"}],"wp:term":[{"taxonomy":"category","embeddable":true,"href":"https:\/\/blogdoedvaldomagalhaes.com.br\/index.php\/wp-json\/wp\/v2\/categories?post=95539"},{"taxonomy":"post_tag","embeddable":true,"href":"https:\/\/blogdoedvaldomagalhaes.com.br\/index.php\/wp-json\/wp\/v2\/tags?post=95539"}],"curies":[{"name":"wp","href":"https:\/\/api.w.org\/{rel}","templated":true}]}}