{"id":95530,"date":"2023-04-28T17:27:09","date_gmt":"2023-04-28T20:27:09","guid":{"rendered":"https:\/\/blogdoedvaldomagalhaes.com.br\/?p=95530"},"modified":"2023-04-28T17:32:13","modified_gmt":"2023-04-28T20:32:13","slug":"mais-de-um-terco-da-populacao-mundial-sofre-de-rinite","status":"publish","type":"post","link":"https:\/\/blogdoedvaldomagalhaes.com.br\/index.php\/2023\/04\/28\/mais-de-um-terco-da-populacao-mundial-sofre-de-rinite\/","title":{"rendered":"Mais de um ter\u00e7o da popula\u00e7\u00e3o mundial sofre\u00a0de rinite"},"content":{"rendered":"<p class=\"s3\" style=\"text-align: justify;\"><span class=\"s4\" style=\"font-size: revert;\"><span class=\"bumpedFont15\">Segundo a Organiza\u00e7\u00e3o Mundial da Sa\u00fade (OMS), a rinite atinge entre 30% e 40% da popula\u00e7\u00e3o global.<\/span><\/span><span class=\"s5\" style=\"font-size: revert;\"><span class=\"bumpedFont15\">Com a chegada das chuvas e as mudan\u00e7as bruscas de temperatura, quem sofre com problemas como esse sabe que \u00e9 hora de redobrar os cuidados.<\/span><\/span><\/p>\n<p class=\"s3\" style=\"text-align: justify;\"><span class=\"s4\"><span class=\"bumpedFont15\">A rinite al\u00e9rgica ocorre quando o corpo reage de forma exagerada ao entrar em contato com determinadas subst\u00e2ncias <\/span><\/span><span class=\"s4\"><span class=\"bumpedFont15\">que identifica como estranhas. \u201c<\/span><\/span><span class=\"s4\"><span class=\"bumpedFont15\">Os <\/span><\/span><span class=\"s4\"><span class=\"bumpedFont15\">aeroal\u00e9<\/span><\/span><span class=\"s4\"><span class=\"bumpedFont15\">rgenos<\/span><\/span><span class=\"s4\"><span class=\"bumpedFont15\"> mais comuns no nosso meio s\u00e3o os \u00e1caros, fungo e o p\u00f3len.<\/span><\/span><span class=\"s4\"><span class=\"bumpedFont15\"><br>\n<\/span><\/span><span class=\"s4\"><span class=\"bumpedFont15\">Primeiro o indiv\u00edduo \u00e9 exposto a esse <\/span><\/span><span class=\"s4\"><span class=\"bumpedFont15\">aeroal\u00e9<\/span><\/span><span class=\"s4\"><span class=\"bumpedFont15\">rgeno<\/span><\/span><span class=\"s4\"><span class=\"bumpedFont15\">, sendo sensibilizado e depois numa reexposi\u00e7\u00e3o ocorrem<\/span><\/span><span class=\"s4\"><span class=\"bumpedFont15\">&nbsp;as crises\u201d, explica a otorrinolaringologist<\/span><\/span><span class=\"s4\"><span class=\"bumpedFont15\">a Raquel Rodrigues, do HOPE, hospital que integra a rede Vision <\/span><\/span><span class=\"s4\"><span class=\"bumpedFont15\">One<\/span><\/span><span class=\"s4\"><span class=\"bumpedFont15\">.<\/span><\/span><\/p>\n<p class=\"s3\" style=\"text-align: justify;\"><span class=\"s4\"><span class=\"bumpedFont15\">\u201c<\/span><\/span><span class=\"s4\"><span class=\"bumpedFont15\">Alguns pacientes que tem rinite podem ter alguma alergia alimentar associada. Por\u00e9m existem outros tipos de rinite, como a gustat\u00f3ria, causadas por alguns tipos de alimento ou temperatu<\/span><\/span><span class=\"s4\"><span class=\"bumpedFont15\">ra deles\u201d, acrescenta a especialista do HOPE. <\/span><\/span><span class=\"s4\"><span class=\"bumpedFont15\">Os principais sintomas da doen\u00e7a s\u00e3o o nariz entupido, coriza (nariz escorrendo), espirros, coceira e diminui\u00e7\u00e3o da capacidade de sentir cheiro. &nbsp;<\/span><\/span><\/p>\n<p class=\"s3\" style=\"text-align: justify;\"><span class=\"s5\"><span class=\"bumpedFont15\">Quando o paciente \u00e9 acometido por uma crise de rinite, algumas<\/span><\/span><span class=\"s5\"><span class=\"bumpedFont15\"> das medidas que ajudam contra a doen\u00e7a s\u00e3o o uso de medicamentos <\/span><\/span><span class=\"s4\"><span class=\"bumpedFont15\">antial\u00e9rgicos, descongestionantes e corticoides. Outro aliado \u00e9 a lavagem nasal com soro fisiol\u00f3gico, que ajuda n\u00e3o apenas no tratamento, mas tamb\u00e9m na preven\u00e7\u00e3o, j\u00e1 que evita que subst\u00e2ncia<\/span><\/span><span class=\"s4\"><span class=\"bumpedFont15\">s <\/span><\/span><span class=\"s4\"><span class=\"bumpedFont15\">al\u00e9rgenas<\/span><\/span><span class=\"s4\"><span class=\"bumpedFont15\"> estejam em contato com o nariz. \u201c<\/span><\/span><span class=\"s4\"><span class=\"bumpedFont15\">Sempre que houver sintomas de obstru\u00e7\u00e3o nasal, espirros, coceira e secre\u00e7\u00e3o deve ser procurado o especialista para que <\/span><\/span><span class=\"s4\"><span class=\"bumpedFont15\">seja<\/span><\/span><span class=\"s4\"><span class=\"bumpedFont15\"> feito o diagn\u00f3stico preciso e o tratamento adequado para cada caso\u201d, orienta a otorrino<\/span><\/span><span class=\"s4\"><span class=\"bumpedFont15\">laringologista Raquel Rodrigues.<\/span><\/span><\/p>\n<p class=\"s3\" style=\"text-align: justify;\"><span class=\"s5\"><span class=\"bumpedFont15\">Para combater n\u00e3o s\u00f3 a rinite, mas alergias em geral, tamb\u00e9m \u00e9 poss\u00edvel recorrer \u00e0 <\/span><\/span><span class=\"s5\"><span class=\"bumpedFont15\">imunoterapia<\/span><\/span><span class=\"s5\"><span class=\"bumpedFont15\">. \u201c<\/span><\/span><span class=\"s5\"><span class=\"bumpedFont15\">O tratamento da rinite \u00e9 cl\u00ednico.<\/span><\/span> <span class=\"s5\"><span class=\"bumpedFont15\">\u00c9 preciso desinflamar a mucosa do nariz e para isso usamos medicamentos t\u00f3picos ou via oral, dependendo de cada caso\u201d, afirma a m\u00e9dica do HOPE.<\/span><\/span><\/p>\n<p class=\"s3\" style=\"text-align: justify;\"><span class=\"s5\"><span class=\"bumpedFont15\">\u201cTamb\u00e9m \u00e9 importante identificar o agente causador e evitar o contato, atrav\u00e9s de medidas de higiene ambiental<\/span><\/span><span class=\"s5\"><span class=\"bumpedFont15\">.<\/span><\/span> <span class=\"s5\"><span class=\"bumpedFont15\">Alguns pacientes v\u00e3o precisar de <\/span><\/span><span class=\"s5\"><span class=\"bumpedFont15\">imunoterapia<\/span><\/span><span class=\"s5\"><span class=\"bumpedFont15\"> que popularmente s\u00e3o chamadas de vacinas, que v\u00e3o dessensibilizar o paciente tornando-o mais \u2018tolerante\u2019 a presen\u00e7a do <\/span><\/span><span class=\"s5\"><span class=\"bumpedFont15\">al\u00e9rgeno<\/span><\/span><span class=\"s5\"><span class=\"bumpedFont15\">.<\/span><\/span><span class=\"s5\"><span class=\"bumpedFont15\"><br>\n<\/span><\/span><span class=\"s5\"><span class=\"bumpedFont15\">E para aqueles pacientes que tem alguma altera\u00e7\u00e3o anat\u00f4mica associada \u00e9 <\/span><\/span><span class=\"s5\"><span class=\"bumpedFont15\">impresc<\/span><\/span><span class=\"s5\"><span class=\"bumpedFont15\">ind\u00edvel que seja feita a corre\u00e7\u00e3o\u201d, finaliza a especialista Raquel Rodrigues.<\/span><\/span><\/p>\n\n\n<figure class=\"wp-block-image size-large\"><img loading=\"lazy\" decoding=\"async\" width=\"682\" height=\"1024\" src=\"https:\/\/blogdoedvaldomagalhaes.com.br\/wp-content\/uploads\/2023\/04\/B9AEABFF-25AF-4C19-B94B-9A1BB23096D3-682x1024.jpeg\" alt=\"\" class=\"wp-image-95533\" srcset=\"https:\/\/blogdoedvaldomagalhaes.com.br\/wp-content\/uploads\/2023\/04\/B9AEABFF-25AF-4C19-B94B-9A1BB23096D3-682x1024.jpeg 682w, https:\/\/blogdoedvaldomagalhaes.com.br\/wp-content\/uploads\/2023\/04\/B9AEABFF-25AF-4C19-B94B-9A1BB23096D3-200x300.jpeg 200w, https:\/\/blogdoedvaldomagalhaes.com.br\/wp-content\/uploads\/2023\/04\/B9AEABFF-25AF-4C19-B94B-9A1BB23096D3-768x1152.jpeg 768w, https:\/\/blogdoedvaldomagalhaes.com.br\/wp-content\/uploads\/2023\/04\/B9AEABFF-25AF-4C19-B94B-9A1BB23096D3.jpeg 853w\" sizes=\"auto, (max-width: 682px) 100vw, 682px\" \/><figcaption class=\"wp-element-caption\">Otorrinolaringologista Raquel Rodrigues <\/figcaption><\/figure>\n","protected":false},"excerpt":{"rendered":"<p>Segundo a Organiza\u00e7\u00e3o Mundial da Sa\u00fade (OMS), a rinite atinge entre 30% e 40% da popula\u00e7\u00e3o global.Com a chegada das&hellip;<\/p>\n","protected":false},"author":1,"featured_media":95531,"comment_status":"closed","ping_status":"open","sticky":false,"template":"","format":"standard","meta":{"footnotes":""},"categories":[14120],"tags":[2,19532,3406,27407,27406],"class_list":["post-95530","post","type-post","status-publish","format-standard","has-post-thumbnail","hentry","category-noticias","tag-blog-do-edvaldo-magalhaes","tag-blog-mais-acessado-e-visualizado-de-caruaru-e-regiao","tag-caruaru","tag-hope","tag-mais-de-um-terco-da-populacao-mundial-sofre-de-rinite"],"_links":{"self":[{"href":"https:\/\/blogdoedvaldomagalhaes.com.br\/index.php\/wp-json\/wp\/v2\/posts\/95530","targetHints":{"allow":["GET"]}}],"collection":[{"href":"https:\/\/blogdoedvaldomagalhaes.com.br\/index.php\/wp-json\/wp\/v2\/posts"}],"about":[{"href":"https:\/\/blogdoedvaldomagalhaes.com.br\/index.php\/wp-json\/wp\/v2\/types\/post"}],"author":[{"embeddable":true,"href":"https:\/\/blogdoedvaldomagalhaes.com.br\/index.php\/wp-json\/wp\/v2\/users\/1"}],"replies":[{"embeddable":true,"href":"https:\/\/blogdoedvaldomagalhaes.com.br\/index.php\/wp-json\/wp\/v2\/comments?post=95530"}],"version-history":[{"count":2,"href":"https:\/\/blogdoedvaldomagalhaes.com.br\/index.php\/wp-json\/wp\/v2\/posts\/95530\/revisions"}],"predecessor-version":[{"id":95535,"href":"https:\/\/blogdoedvaldomagalhaes.com.br\/index.php\/wp-json\/wp\/v2\/posts\/95530\/revisions\/95535"}],"wp:featuredmedia":[{"embeddable":true,"href":"https:\/\/blogdoedvaldomagalhaes.com.br\/index.php\/wp-json\/wp\/v2\/media\/95531"}],"wp:attachment":[{"href":"https:\/\/blogdoedvaldomagalhaes.com.br\/index.php\/wp-json\/wp\/v2\/media?parent=95530"}],"wp:term":[{"taxonomy":"category","embeddable":true,"href":"https:\/\/blogdoedvaldomagalhaes.com.br\/index.php\/wp-json\/wp\/v2\/categories?post=95530"},{"taxonomy":"post_tag","embeddable":true,"href":"https:\/\/blogdoedvaldomagalhaes.com.br\/index.php\/wp-json\/wp\/v2\/tags?post=95530"}],"curies":[{"name":"wp","href":"https:\/\/api.w.org\/{rel}","templated":true}]}}