{"id":95523,"date":"2023-04-28T16:31:20","date_gmt":"2023-04-28T19:31:20","guid":{"rendered":"https:\/\/blogdoedvaldomagalhaes.com.br\/?p=95523"},"modified":"2023-05-01T10:04:07","modified_gmt":"2023-05-01T13:04:07","slug":"confira-o-que-abre-e-fecha-no-feriado-do-dia-do-trabalhador","status":"publish","type":"post","link":"https:\/\/blogdoedvaldomagalhaes.com.br\/index.php\/2023\/04\/28\/confira-o-que-abre-e-fecha-no-feriado-do-dia-do-trabalhador\/","title":{"rendered":"Confira o que abre e fecha no feriado do Dia do Trabalhador"},"content":{"rendered":"<p style=\"text-align: justify;\"><span style=\"font-size: revert; color: initial;\">Nesta segunda-feira, \u00e9 celebrado o Dia do Trabalhador. Neste dia, estar\u00e3o funcionando apenas os servi\u00e7os essenciais. Confira abaixo as atividades em atua\u00e7\u00e3o, bem como os hor\u00e1rios de alguns espa\u00e7os que ir\u00e3o funcionar.<\/span><\/p>\n<p style=\"text-align: justify;\">Com\u00e9rcio: Estar\u00e1 fechado<\/p>\n<p style=\"text-align: justify;\"><span style=\"font-size: revert;\">Caruaru Shopping estar\u00e1 funcionando com hor\u00e1rio especial nos feriados do Dia do Trabalhador (1\u00b0) e do Anivers\u00e1rio de Caruaru (28).\u00a0<\/span><span style=\"font-size: revert;\">Nesta segunda, dia 1\u00b0, as lojas, quiosques e servi\u00e7os estar\u00e3o abertos das 10h \u00e0s 22h; alimenta\u00e7\u00e3o e lazer, das 11h \u00e0s 22h; o hipermercado, das 7h \u00e0s 22h, e a academia estar\u00e1 fechada.\u00a0<\/span><span style=\"font-size: revert;\">O cinema estar\u00e1 funcionando conforme hor\u00e1rio de sess\u00e3o. Para mais informa\u00e7\u00f5es sobre a programa\u00e7\u00e3o dos filmes e os hor\u00e1rios, acesse o site www.caruarushopping.com.br<\/span><\/p>\n<p>Shopping Difusora estar\u00e1 funcionando em hor\u00e1rio especial<\/p>\n<p style=\"text-align: justify;\">Detran -PE: Todas as ag\u00eancias do Departamento Estadual de Tr\u00e2nsito (<strong>Detran-PE<\/strong>) estar\u00e3o fechadas na segunda-feira,\u00a0<strong>1 de maio<\/strong>.<\/p>\n<p class=\"texto\" style=\"text-align: justify;\">Bancos: A Federa\u00e7\u00e3o Brasileira de Bancos (FEBRABAN) informa que os bancos n\u00e3o abrem no <strong>Feriado 1 de maio. <\/strong>As<span style=\"font-size: revert; color: initial;\">\u00e1reas de autoatendimento ficar\u00e3o dispon\u00edveis para os clientes, assim como os canais digitais e remotos de atendimento (<\/span><em style=\"font-size: revert; color: initial;\">internet<\/em><span style=\"font-size: revert; color: initial;\">\u00a0e<\/span><em style=\"font-size: revert; color: initial;\">\u00a0mobile banking<\/em><span style=\"font-size: revert; color: initial;\">).<\/span><\/p>\n<p class=\"texto\" style=\"text-align: justify;\">Correios: N\u00e3o haver\u00e1 atendimento nas ag\u00eancias dos <strong>Correios<\/strong>\u00a0no\u00a0<strong>feriado de\u00a01 de maio<\/strong>, segunda-feira. O atendimento ser\u00e1 retornado dia 2 de maio, a partir das 8h. No<span style=\"font-size: revert; color: initial;\">dia 29\/04, haver\u00e1 o funcionamento das ag\u00eancias que atendem normalmente aos s\u00e1bados. Nestes dias, tamb\u00e9m ser\u00e3o realizadas atividades de entrega. A<\/span><span style=\"font-size: revert; color: initial;\">\u00a0Central de Atendimento dos Correios (CAC), no dia 1\u00ba, estar\u00e1 dispon\u00edvel atrav\u00e9s dos seguintes canais automatizados:<\/span><\/p>\n<div class=\"fonte\" style=\"text-align: justify;\">\n<ul>\n<li>Site dos Correios, na p\u00e1gina do Fale Conosco;<\/li>\n<li>Telefones: 0800 725 7282, 0800 725 0100 e 3003 0100; e<\/li>\n<li>Chat: https:\/\/www.correios.com.br<\/li>\n<\/ul>\n<\/div>\n<p style=\"text-align: justify;\">Sa\u00fade: Hospitais, Unidades de Pronto Atendimento (UPA) e Samu estar\u00e3o funcionando normalmente. A vacina\u00e7\u00e3o contra a Covid-19 n\u00e3o estar\u00e1 funcionando nem na Via Parque, nem nas Unidades B\u00e1sicas de Sa\u00fade (UBS), j\u00e1 que tamb\u00e9m estar\u00e3o fechadas. Os servi\u00e7os ambulatoriais como os Ambulat\u00f3rios M\u00e9dicos Especializados (AME) e os Centros de Sa\u00fade (CS) tamb\u00e9m estar\u00e3o fechados.<\/p>\n<p style=\"text-align: justify;\">Secretaria de Servi\u00e7os P\u00fablicos e Sustentabilidade: Parques municipais funcionam normalmente, das 6h \u00e0s 19h.<\/p>\n<p style=\"text-align: justify;\">Secretaria de Pol\u00edticas para Mulheres: O Centro de Refer\u00eancia da Mulher Maria Bonita (CRM) funcionar\u00e1 em sistema de plant\u00e3o por meio do n\u00famero 9 8384-4310.<\/p>\n<p style=\"text-align: justify;\">Secretaria de Desenvolvimento Social e Direitos Humanos: Plant\u00e3o do aux\u00edlio funeral pelos telefones (81) 9.8384-2410 e (81) 9.8384-3756. Tamb\u00e9m funciona normalmente o atendimento \u00e0 popula\u00e7\u00e3o em situa\u00e7\u00e3o de rua no Acolhimento Adulto, que fica na rua Alferes Jorge, no bairro Indian\u00f3polis.<\/p>\n<p style=\"text-align: justify;\">Monte do Bom Jesus: Funcionamento do Centro de Atendimento ao Turista, das 8h \u00e0s 20h.<\/p>\n<p style=\"text-align: justify;\">Via Parque: Funcionamento das 6h \u00e0s 22h.<\/p>\n<p style=\"text-align: justify;\">Siga o Instagram do Blog @blogdoedvaldomagalhaes<\/p>\n","protected":false},"excerpt":{"rendered":"<p>Nesta segunda-feira, \u00e9 celebrado o Dia do Trabalhador. Neste dia, estar\u00e3o funcionando apenas os servi\u00e7os essenciais. Confira abaixo as atividades&hellip;<\/p>\n","protected":false},"author":1,"featured_media":60379,"comment_status":"closed","ping_status":"open","sticky":false,"template":"","format":"standard","meta":{"footnotes":""},"categories":[14120],"tags":[2,19532,3406,27405],"class_list":["post-95523","post","type-post","status-publish","format-standard","has-post-thumbnail","hentry","category-noticias","tag-blog-do-edvaldo-magalhaes","tag-blog-mais-acessado-e-visualizado-de-caruaru-e-regiao","tag-caruaru","tag-confira-o-que-abre-e-fecha-no-feriado-do-dia-do-trabalhador"],"_links":{"self":[{"href":"https:\/\/blogdoedvaldomagalhaes.com.br\/index.php\/wp-json\/wp\/v2\/posts\/95523","targetHints":{"allow":["GET"]}}],"collection":[{"href":"https:\/\/blogdoedvaldomagalhaes.com.br\/index.php\/wp-json\/wp\/v2\/posts"}],"about":[{"href":"https:\/\/blogdoedvaldomagalhaes.com.br\/index.php\/wp-json\/wp\/v2\/types\/post"}],"author":[{"embeddable":true,"href":"https:\/\/blogdoedvaldomagalhaes.com.br\/index.php\/wp-json\/wp\/v2\/users\/1"}],"replies":[{"embeddable":true,"href":"https:\/\/blogdoedvaldomagalhaes.com.br\/index.php\/wp-json\/wp\/v2\/comments?post=95523"}],"version-history":[{"count":5,"href":"https:\/\/blogdoedvaldomagalhaes.com.br\/index.php\/wp-json\/wp\/v2\/posts\/95523\/revisions"}],"predecessor-version":[{"id":95619,"href":"https:\/\/blogdoedvaldomagalhaes.com.br\/index.php\/wp-json\/wp\/v2\/posts\/95523\/revisions\/95619"}],"wp:featuredmedia":[{"embeddable":true,"href":"https:\/\/blogdoedvaldomagalhaes.com.br\/index.php\/wp-json\/wp\/v2\/media\/60379"}],"wp:attachment":[{"href":"https:\/\/blogdoedvaldomagalhaes.com.br\/index.php\/wp-json\/wp\/v2\/media?parent=95523"}],"wp:term":[{"taxonomy":"category","embeddable":true,"href":"https:\/\/blogdoedvaldomagalhaes.com.br\/index.php\/wp-json\/wp\/v2\/categories?post=95523"},{"taxonomy":"post_tag","embeddable":true,"href":"https:\/\/blogdoedvaldomagalhaes.com.br\/index.php\/wp-json\/wp\/v2\/tags?post=95523"}],"curies":[{"name":"wp","href":"https:\/\/api.w.org\/{rel}","templated":true}]}}