{"id":95515,"date":"2023-04-28T15:23:29","date_gmt":"2023-04-28T18:23:29","guid":{"rendered":"https:\/\/blogdoedvaldomagalhaes.com.br\/?p=95515"},"modified":"2023-04-28T15:36:33","modified_gmt":"2023-04-28T18:36:33","slug":"sao-joao-na-roca-comeca-neste-fim-de-semana-com-a-presenca-da-caravana-da-ouvidoria-itinerante-de-caruaru","status":"publish","type":"post","link":"https:\/\/blogdoedvaldomagalhaes.com.br\/index.php\/2023\/04\/28\/sao-joao-na-roca-comeca-neste-fim-de-semana-com-a-presenca-da-caravana-da-ouvidoria-itinerante-de-caruaru\/","title":{"rendered":"S\u00e3o Jo\u00e3o na Ro\u00e7a come\u00e7a neste fim de semana com a presen\u00e7a da Caravana da Ouvidoria Itinerante de Caruaru"},"content":{"rendered":"<p style=\"text-align: justify;\"><span style=\"font-size: revert;\">O S\u00e3o Jo\u00e3o de Caruaru tem in\u00edcio nesta sexta-feira (28), em Gon\u00e7alves Ferreira, com o S\u00e3o Jo\u00e3o na Ro\u00e7a, que ir\u00e1 percorrer 13 comunidades da zona rural da Capital do Forr\u00f3. Aproveitando a festa, a Controladoria Geral do Munic\u00edpio (CGM) levar\u00e1 a Caravana da Ouvidoria Itinerante para ouvir as demandas da popula\u00e7\u00e3o, registrar e buscar resolutividades no que diz respeito ao S\u00e3o Jo\u00e3o e aos servi\u00e7os prestados pela gest\u00e3o municipal.<\/span><\/p>\n<p style=\"text-align: justify;\">Durante o S\u00e3o Jo\u00e3o na Ro\u00e7a e tamb\u00e9m no S\u00e3o Jo\u00e3o de um modo geral, os servidores da CGM v\u00e3o propagar os objetivos, bem como divulgar os canais de atendimento da Ouvidoria nos principais polos da festa.<\/p>\n<p style=\"text-align: justify;\">Ouvidoria Geral do Munic\u00edpio \u00a0&#8211; A Ouvidoria \u00e9 um servi\u00e7o \u00a0gratuito e atua como canal de troca de informa\u00e7\u00f5es entre a prefeitura e a popula\u00e7\u00e3o. Atrav\u00e9s dela, os interessados podem realizar suas manifesta\u00e7\u00f5es, sendo den\u00fancias, reclama\u00e7\u00f5es, sugest\u00f5es e elogios referentes aos servi\u00e7os municipais.<\/p>\n<p style=\"text-align: justify;\">A Ouvidoria Geral de Caruaru disp\u00f5e das seguintes op\u00e7\u00f5es para troca de informa\u00e7\u00f5es junto \u00e0 popula\u00e7\u00e3o: o site: caruaru.pe.gov.br\/ouvidoria; os telefones: 156 e 98384-4009 (Whatsapp \u2013 somente mensagens), al\u00e9m do atendimento presencial, de segunda a sexta-feira, sempre das 8h \u00e0s 14h, no o Centro Administrativo I, na rua professor Lourival Vilanova, 118, no bairro Universit\u00e1rio.<\/p>\n<p style=\"text-align: justify;\"><strong><span style=\"font-size: revert;\">Gon\u00e7alves Ferreira ter\u00e1 esquema de \u00f4nibus especial e bloqueio de rua para realiza\u00e7\u00e3o do S\u00e3o Jo\u00e3o na Ro\u00e7a<\/span><\/strong><\/p>\n<p style=\"text-align: justify;\">Com a abertura do Maior e Melhor S\u00e3o Jo\u00e3o do Mundo, algumas ruas do distrito de Gon\u00e7alves Ferreira estar\u00e3o bloqueadas, para realiza\u00e7\u00e3o do S\u00e3o Jo\u00e3o na Ro\u00e7a. A rua Manoel Bara\u00fana, principal da localidade, ser\u00e1 fechada. A chegada do p\u00fablico, bem como o tr\u00e2nsito de ve\u00edculos acontecer\u00e1 pela travessa Manoel Bara\u00fana, que estar\u00e1 em sentido duplo durante o evento.<br \/>\n<strong>Transporte de passageiros<\/strong><br \/>\nNesta sexta-feira (28), a empresa Capital do Agreste, que opera a linha 182 &#8211; Gon\u00e7alves Ferreira, disponibilizar\u00e1 \u00f4nibus extras para quem quiser curtir o primeiro dia do S\u00e3o Jo\u00e3o de Caruaru. Para cada sa\u00edda da linha, um \u00f4nibus ser\u00e1 utilizado, podendo haver incremento na frota, com aumento da demanda dos passageiros.<\/p>\n<p>De acordo com a empresa, os hor\u00e1rios ser\u00e3o os seguintes:<\/p>\n<p>Sa\u00edda da rua Martins J\u00fanior (Em frente aos Correios):<\/p>\n<p>18h30, 19h20 e 20h.<\/p>\n<p>O retorno de Gon\u00e7alves Ferreira acontecer\u00e1 ap\u00f3s o t\u00e9rmino do \u00faltimo show do<\/p>\n<p style=\"text-align: justify;\">Abaixo, segue a programa\u00e7\u00e3o completa, deste fim de semana.<\/p>\n<p style=\"text-align: justify;\">Sexta-feira (28) &#8211; Gon\u00e7alves Ferreira<br \/>\nBatalh\u00e3o de Bacamarteiros 17<br \/>\nBanda de P\u00edfanos Arrasta P\u00edfano<br \/>\nGrupo de Dan\u00e7a Flor e Barro<br \/>\n18h30 &#8211; Forr\u00f3 Quent\u00e3o<br \/>\n20h30 &#8211; Santanna, o Cantador<br \/>\n22h30 &#8211; Marquinhos Caf\u00e9<\/p>\n<p style=\"text-align: justify;\">S\u00e1bado (29) &#8211; Malhada de Barreira Queimada<br \/>\nBanda de P\u00edfanos Alvorada<br \/>\nQuadrilha Molecodrilha<br \/>\nBatalh\u00e3o de Bacamarteiros 19<br \/>\n18h30 &#8211; Banda do Batista<br \/>\n20h30 &#8211; Joquinha Gonzaga<br \/>\n22h30 &#8211; Forr\u00f3 Chicote<\/p>\n<p style=\"text-align: justify;\">Domingo (30) &#8211; Murici<br \/>\nBanda de P\u00edfanos Vitoriano Jovem<br \/>\nBatalh\u00e3o de Bacamarteiros 21<br \/>\nQuadrilha Tradicional Arrasta P\u00e9<br \/>\n18h30- Joana Ang\u00e9lica<br \/>\n20h30- Liv Moraes<br \/>\n22h30 &#8211; Del Feliz.<\/p>\n<p style=\"text-align: justify;\">Siga o Instagram do Blog @blogdoedvaldomagalhaes<\/p>\n","protected":false},"excerpt":{"rendered":"<p>O S\u00e3o Jo\u00e3o de Caruaru tem in\u00edcio nesta sexta-feira (28), em Gon\u00e7alves Ferreira, com o S\u00e3o Jo\u00e3o na Ro\u00e7a, que&hellip;<\/p>\n","protected":false},"author":1,"featured_media":95516,"comment_status":"closed","ping_status":"open","sticky":false,"template":"","format":"standard","meta":{"footnotes":""},"categories":[14120],"tags":[2,19532,3406,27404],"class_list":["post-95515","post","type-post","status-publish","format-standard","has-post-thumbnail","hentry","category-noticias","tag-blog-do-edvaldo-magalhaes","tag-blog-mais-acessado-e-visualizado-de-caruaru-e-regiao","tag-caruaru","tag-sao-joao-na-roca-comeca-neste-fim-de-semana-com-a-presenca-da-caravana-da-ouvidoria-itinerante-de-caruaru"],"_links":{"self":[{"href":"https:\/\/blogdoedvaldomagalhaes.com.br\/index.php\/wp-json\/wp\/v2\/posts\/95515","targetHints":{"allow":["GET"]}}],"collection":[{"href":"https:\/\/blogdoedvaldomagalhaes.com.br\/index.php\/wp-json\/wp\/v2\/posts"}],"about":[{"href":"https:\/\/blogdoedvaldomagalhaes.com.br\/index.php\/wp-json\/wp\/v2\/types\/post"}],"author":[{"embeddable":true,"href":"https:\/\/blogdoedvaldomagalhaes.com.br\/index.php\/wp-json\/wp\/v2\/users\/1"}],"replies":[{"embeddable":true,"href":"https:\/\/blogdoedvaldomagalhaes.com.br\/index.php\/wp-json\/wp\/v2\/comments?post=95515"}],"version-history":[{"count":5,"href":"https:\/\/blogdoedvaldomagalhaes.com.br\/index.php\/wp-json\/wp\/v2\/posts\/95515\/revisions"}],"predecessor-version":[{"id":95522,"href":"https:\/\/blogdoedvaldomagalhaes.com.br\/index.php\/wp-json\/wp\/v2\/posts\/95515\/revisions\/95522"}],"wp:featuredmedia":[{"embeddable":true,"href":"https:\/\/blogdoedvaldomagalhaes.com.br\/index.php\/wp-json\/wp\/v2\/media\/95516"}],"wp:attachment":[{"href":"https:\/\/blogdoedvaldomagalhaes.com.br\/index.php\/wp-json\/wp\/v2\/media?parent=95515"}],"wp:term":[{"taxonomy":"category","embeddable":true,"href":"https:\/\/blogdoedvaldomagalhaes.com.br\/index.php\/wp-json\/wp\/v2\/categories?post=95515"},{"taxonomy":"post_tag","embeddable":true,"href":"https:\/\/blogdoedvaldomagalhaes.com.br\/index.php\/wp-json\/wp\/v2\/tags?post=95515"}],"curies":[{"name":"wp","href":"https:\/\/api.w.org\/{rel}","templated":true}]}}