{"id":95512,"date":"2023-04-28T11:05:18","date_gmt":"2023-04-28T14:05:18","guid":{"rendered":"https:\/\/blogdoedvaldomagalhaes.com.br\/?p=95512"},"modified":"2023-04-28T11:05:19","modified_gmt":"2023-04-28T14:05:19","slug":"cargas-de-milho-e-de-trigo-sem-nota-fiscal-e-com-excesso-de-peso-sao-retidas-em-caruaru","status":"publish","type":"post","link":"https:\/\/blogdoedvaldomagalhaes.com.br\/index.php\/2023\/04\/28\/cargas-de-milho-e-de-trigo-sem-nota-fiscal-e-com-excesso-de-peso-sao-retidas-em-caruaru\/","title":{"rendered":"Cargas de milho e de trigo sem nota fiscal e com excesso de peso s\u00e3o retidas em Caruaru"},"content":{"rendered":"<p style=\"text-align: justify;\"><span style=\"color: initial; font-size: revert;\">Duas cargas de 58,7 toneladas de milho e 17,5 toneladas de trigo, que eram transportadas sem a documenta\u00e7\u00e3o fiscal e com excesso de peso, foram retidas nesta sexta-feira (28), pela Pol\u00edcia Rodovi\u00e1ria Federal (PRF). Os flagrantes foram realizados durante uma fiscaliza\u00e7\u00e3o de seguran\u00e7a vi\u00e1ria no Km 57 da BR 104, em Caruaru, no Agreste.<\/span><\/p>\n<p style=\"text-align: justify;\">O caminh\u00e3o que transportava milho havia sa\u00eddo de Nossa Senhora da Gl\u00f3ria, em Sergipe, e entregaria o produto em Surubim, tamb\u00e9m no Agreste. O motorista n\u00e3o possu\u00eda a nota fiscal da mercadoria e ap\u00f3s pesagem, foi constatado que o ve\u00edculo estava com 20,1 toneladas de excesso de peso.<\/p>\n<p style=\"text-align: justify;\">O ve\u00edculo que transportava trigo e produtos de panifica\u00e7\u00e3o saiu de Olinda e havia entregue parte da carga em Caruaru, mas ainda faria outras entregas no Agreste. O caminh\u00e3o estava com 4 toneladas de excesso de peso e o motorista portava apenas uma nota referente a 500 Kg da mercadoria.<\/p>\n<p style=\"text-align: justify;\">A Secretaria da Fazenda de Pernambuco (Sefaz-PE) foi acionada para providenciar a regulariza\u00e7\u00e3o fiscal. Os caminh\u00f5es foram encaminhados ao p\u00e1tio para realizar o transbordo da carga em excesso. Foto: Divulga\u00e7\u00e3o.<\/p>\n<p style=\"text-align: justify;\">Siga o Instagram do Blog @blogdoedvaldomagalhaes<\/p>\n","protected":false},"excerpt":{"rendered":"<p>Duas cargas de 58,7 toneladas de milho e 17,5 toneladas de trigo, que eram transportadas sem a documenta\u00e7\u00e3o fiscal e&hellip;<\/p>\n","protected":false},"author":1,"featured_media":95513,"comment_status":"closed","ping_status":"open","sticky":false,"template":"","format":"standard","meta":{"footnotes":""},"categories":[14121],"tags":[2,19532,27402,3406],"class_list":["post-95512","post","type-post","status-publish","format-standard","has-post-thumbnail","hentry","category-policial","tag-blog-do-edvaldo-magalhaes","tag-blog-mais-acessado-e-visualizado-de-caruaru-e-regiao","tag-cargas-de-milho-e-de-trigo-sem-nota-fiscal-e-com-excesso-de-peso-sao-retidas-em-caruaru","tag-caruaru"],"_links":{"self":[{"href":"https:\/\/blogdoedvaldomagalhaes.com.br\/index.php\/wp-json\/wp\/v2\/posts\/95512","targetHints":{"allow":["GET"]}}],"collection":[{"href":"https:\/\/blogdoedvaldomagalhaes.com.br\/index.php\/wp-json\/wp\/v2\/posts"}],"about":[{"href":"https:\/\/blogdoedvaldomagalhaes.com.br\/index.php\/wp-json\/wp\/v2\/types\/post"}],"author":[{"embeddable":true,"href":"https:\/\/blogdoedvaldomagalhaes.com.br\/index.php\/wp-json\/wp\/v2\/users\/1"}],"replies":[{"embeddable":true,"href":"https:\/\/blogdoedvaldomagalhaes.com.br\/index.php\/wp-json\/wp\/v2\/comments?post=95512"}],"version-history":[{"count":1,"href":"https:\/\/blogdoedvaldomagalhaes.com.br\/index.php\/wp-json\/wp\/v2\/posts\/95512\/revisions"}],"predecessor-version":[{"id":95514,"href":"https:\/\/blogdoedvaldomagalhaes.com.br\/index.php\/wp-json\/wp\/v2\/posts\/95512\/revisions\/95514"}],"wp:featuredmedia":[{"embeddable":true,"href":"https:\/\/blogdoedvaldomagalhaes.com.br\/index.php\/wp-json\/wp\/v2\/media\/95513"}],"wp:attachment":[{"href":"https:\/\/blogdoedvaldomagalhaes.com.br\/index.php\/wp-json\/wp\/v2\/media?parent=95512"}],"wp:term":[{"taxonomy":"category","embeddable":true,"href":"https:\/\/blogdoedvaldomagalhaes.com.br\/index.php\/wp-json\/wp\/v2\/categories?post=95512"},{"taxonomy":"post_tag","embeddable":true,"href":"https:\/\/blogdoedvaldomagalhaes.com.br\/index.php\/wp-json\/wp\/v2\/tags?post=95512"}],"curies":[{"name":"wp","href":"https:\/\/api.w.org\/{rel}","templated":true}]}}