{"id":95508,"date":"2023-04-28T09:31:46","date_gmt":"2023-04-28T12:31:46","guid":{"rendered":"https:\/\/blogdoedvaldomagalhaes.com.br\/?p=95508"},"modified":"2023-04-28T09:31:48","modified_gmt":"2023-04-28T12:31:48","slug":"icia-marca-presenca-em-solenidade-no-congresso-nacional","status":"publish","type":"post","link":"https:\/\/blogdoedvaldomagalhaes.com.br\/index.php\/2023\/04\/28\/icia-marca-presenca-em-solenidade-no-congresso-nacional\/","title":{"rendered":"ICIA marca presen\u00e7a em solenidade no Congresso Nacional"},"content":{"rendered":"<p style=\"text-align: justify;\"><span style=\"font-size: revert; color: initial;\">O Instituto do C\u00e2ncer Infantil do Agreste, ICIA, marca presen\u00e7a na solenidade de reapresenta\u00e7\u00e3o da Frente Parlamentar de Combate ao C\u00e2ncer Infantil, no Sal\u00e3o Nobre da C\u00e2mara dos Deputados, em Bras\u00edlia. A frente foi criada pelo Deputado Federal Bibo Nunes em maio de 2019, e tem como objetivo aumentar os \u00edndices de cura do c\u00e2ncer infantojuvenil no pa\u00eds. Desde a cria\u00e7\u00e3o, ela \u00e9 apoiada por diversos partidos pol\u00edticos.<\/span><\/p>\n<p style=\"text-align: justify;\">Em sua reapresenta\u00e7\u00e3o, marcaram presen\u00e7a autoridades pol\u00edticas e membros do comit\u00ea estrat\u00e9gico, al\u00e9m de representantes de institui\u00e7\u00f5es e organiza\u00e7\u00f5es que lutam contra o c\u00e2ncer infantil. Assim com o ICIA, que esteve presente atrav\u00e9s da figura do seu idealizador, Dr. Luiz Henrique Soares. O comit\u00ea estrat\u00e9gico da Frente Parlamentar \u00e9 composto pelo Deputado Bibo Nunes, pela CONIACC (Confedera\u00e7\u00e3o Nacional de Institui\u00e7\u00f5es de Apoio e Assist\u00eancia \u00e0 Crian\u00e7a e ao Adolescente com C\u00e2ncer), o Instituto do C\u00e2ncer Infantil, o Instituto Ronald McDonald e a Sociedade Brasileira de Pediatria. <br \/>Esse tipo de mobiliza\u00e7\u00e3o de todas as associadas \u00e9 muito importante para que os novos deputados conhe\u00e7am a for\u00e7a do movimento de combate ao c\u00e2ncer infantil, sejam impactados por essa luta, sintam-se respons\u00e1veis pelos processo que envolvem a causa e com a regulamenta\u00e7\u00e3o da lei de Aten\u00e7\u00e3o \u00e0 Oncologia Pedi\u00e1trica, j\u00e1 sancionada.<br \/>Para o m\u00e9dico idealizador do ICIA, Luiz Henrique Soares, \u201cessa semana em Bras\u00edlia deve gerar bons frutos e despertar o interesse de parlamentares com a causa do c\u00e2ncer infantil, principalmente, para o trabalho realizado pelo Instituto do C\u00e2ncer Infantil do Agreste. Pois al\u00e9m de estar presente no evento da frente parlamentar, n\u00f3s estivemos em v\u00e1rios gabinetes apresentando o trabalho realizado pela institui\u00e7\u00e3o e buscando apoio para a inclus\u00e3o do instituto no Sistema \u00danico de Sa\u00fade, o SUS.\u201d<\/p>\n<p style=\"text-align: justify;\">Siga o Instagram do Blog @blogdoedvaldomagalhaes<\/p>\n\n\n<figure class=\"wp-block-image size-large\"><img loading=\"lazy\" decoding=\"async\" width=\"1024\" height=\"769\" src=\"https:\/\/blogdoedvaldomagalhaes.com.br\/wp-content\/uploads\/2023\/04\/IMG-20230428-WA0021-1024x769.jpg\" alt=\"\" class=\"wp-image-95509\" srcset=\"https:\/\/blogdoedvaldomagalhaes.com.br\/wp-content\/uploads\/2023\/04\/IMG-20230428-WA0021-1024x769.jpg 1024w, https:\/\/blogdoedvaldomagalhaes.com.br\/wp-content\/uploads\/2023\/04\/IMG-20230428-WA0021-300x225.jpg 300w, https:\/\/blogdoedvaldomagalhaes.com.br\/wp-content\/uploads\/2023\/04\/IMG-20230428-WA0021-768x576.jpg 768w, https:\/\/blogdoedvaldomagalhaes.com.br\/wp-content\/uploads\/2023\/04\/IMG-20230428-WA0021-1536x1153.jpg 1536w, https:\/\/blogdoedvaldomagalhaes.com.br\/wp-content\/uploads\/2023\/04\/IMG-20230428-WA0021-160x120.jpg 160w, https:\/\/blogdoedvaldomagalhaes.com.br\/wp-content\/uploads\/2023\/04\/IMG-20230428-WA0021.jpg 1600w\" sizes=\"auto, (max-width: 1024px) 100vw, 1024px\" \/><figcaption class=\"wp-element-caption\">Fotos: Divulga\u00e7\u00e3o <\/figcaption><\/figure>\n","protected":false},"excerpt":{"rendered":"<p>O Instituto do C\u00e2ncer Infantil do Agreste, ICIA, marca presen\u00e7a na solenidade de reapresenta\u00e7\u00e3o da Frente Parlamentar de Combate ao&hellip;<\/p>\n","protected":false},"author":1,"featured_media":95510,"comment_status":"closed","ping_status":"open","sticky":false,"template":"","format":"standard","meta":{"footnotes":""},"categories":[14120],"tags":[2,19532,3406,27401],"class_list":["post-95508","post","type-post","status-publish","format-standard","has-post-thumbnail","hentry","category-noticias","tag-blog-do-edvaldo-magalhaes","tag-blog-mais-acessado-e-visualizado-de-caruaru-e-regiao","tag-caruaru","tag-icia-marca-presenca-em-solenidade-no-congresso-nacional"],"_links":{"self":[{"href":"https:\/\/blogdoedvaldomagalhaes.com.br\/index.php\/wp-json\/wp\/v2\/posts\/95508","targetHints":{"allow":["GET"]}}],"collection":[{"href":"https:\/\/blogdoedvaldomagalhaes.com.br\/index.php\/wp-json\/wp\/v2\/posts"}],"about":[{"href":"https:\/\/blogdoedvaldomagalhaes.com.br\/index.php\/wp-json\/wp\/v2\/types\/post"}],"author":[{"embeddable":true,"href":"https:\/\/blogdoedvaldomagalhaes.com.br\/index.php\/wp-json\/wp\/v2\/users\/1"}],"replies":[{"embeddable":true,"href":"https:\/\/blogdoedvaldomagalhaes.com.br\/index.php\/wp-json\/wp\/v2\/comments?post=95508"}],"version-history":[{"count":1,"href":"https:\/\/blogdoedvaldomagalhaes.com.br\/index.php\/wp-json\/wp\/v2\/posts\/95508\/revisions"}],"predecessor-version":[{"id":95511,"href":"https:\/\/blogdoedvaldomagalhaes.com.br\/index.php\/wp-json\/wp\/v2\/posts\/95508\/revisions\/95511"}],"wp:featuredmedia":[{"embeddable":true,"href":"https:\/\/blogdoedvaldomagalhaes.com.br\/index.php\/wp-json\/wp\/v2\/media\/95510"}],"wp:attachment":[{"href":"https:\/\/blogdoedvaldomagalhaes.com.br\/index.php\/wp-json\/wp\/v2\/media?parent=95508"}],"wp:term":[{"taxonomy":"category","embeddable":true,"href":"https:\/\/blogdoedvaldomagalhaes.com.br\/index.php\/wp-json\/wp\/v2\/categories?post=95508"},{"taxonomy":"post_tag","embeddable":true,"href":"https:\/\/blogdoedvaldomagalhaes.com.br\/index.php\/wp-json\/wp\/v2\/tags?post=95508"}],"curies":[{"name":"wp","href":"https:\/\/api.w.org\/{rel}","templated":true}]}}